{"id":279,"date":"2025-04-02T22:14:54","date_gmt":"2025-04-02T22:14:54","guid":{"rendered":"https:\/\/mercigracias.ch\/PourToutesTesGraces\/?p=279"},"modified":"2026-07-11T09:28:05","modified_gmt":"2026-07-11T09:28:05","slug":"la-chapelle","status":"publish","type":"post","link":"https:\/\/mercigracias.ch\/PourToutesTesGraces\/?p=279","title":{"rendered":"La chapelle&#8230;"},"content":{"rendered":"\n<p class=\"wp-block-paragraph\">Jeudi 27 mars 2025, je devais aller avec mon compagnon voir un th\u00e9rapeute pr\u00e8s de Fribourg pour faire un nettoyage et me rebooster\u2026<br>En arrivant vers 16 heures il faisait grand soleil, mais froid. Le vallon en plein vent permettait \u00e0 la bise d&rsquo;\u00eatre bien pr\u00e9sente.<\/p>\n\n\n\n<p class=\"wp-block-paragraph\">C&rsquo;\u00e9tait la troisi\u00e8me fois que j&rsquo;y allais et comme c&rsquo;est \u00e9trange, le d\u00e9sir d&rsquo;y retourner se passe toujours en Mars\u2026 <br>Comment la s\u00e9ance allait-elle se d\u00e9rouler cette ann\u00e9e ?<\/p>\n\n\n\n<p class=\"wp-block-paragraph\">La s\u00e9ance s&rsquo;est bien pass\u00e9e, ses massages et nos discussions m&rsquo;ont encore apport\u00e9 beaucoup. Sa gentillesse et sa bienveillance m&rsquo;ont remplie et ces moments me redonnent beaucoup d&rsquo;\u00e9nergie pour avoir la force de continuer \u00e0 me battre.<\/p>\n\n\n\n<p class=\"wp-block-paragraph\">A la fin de la s\u00e9ance, il me parle d&rsquo;une petite chapelle dans les bois, en haut de la colline \u00e0 quelques kilom\u00e8tres de l\u00e0, o\u00f9 il avait fait baptiser son enfant, pour lui elle \u00e9tait magique\u2026<\/p>\n\n\n\n<ul class=\"wp-block-list\">\n<li>Vous verrez\u2026 vous montez en haut de la colline, elle est dans la for\u00eat. Elle est magique.<\/li>\n<\/ul>\n\n\n\n<p class=\"wp-block-paragraph\">En partant, un d\u00e9sir profond d&rsquo;aller la visiter pour terminer ma d\u00e9marche de gu\u00e9rison m&rsquo;envahi\u2026 Ni une ni deux, nous voil\u00e0 parti \u00e0 sa recherche, roulant en pleine campagne sans vraiment savoir o\u00f9 la trouver, mais heureusement, un promeneur a pu nous indiquer une partie du chemin pour y aller en voiture au plus pr\u00e8s.<br>Avec ce vent glacial mon mari avait vraiment envie de rentrer \u00e0 la maison avant que la nuit tombe\u2026 Il pensait qu&rsquo;en pleine campagne la porte serait ferm\u00e9e \u00e0 clef et que ce d\u00e9tour n&rsquo;aurait servi \u00e0 rien.<\/p>\n\n\n\n<p class=\"wp-block-paragraph\">Arriv\u00e9s sur place, la petite chapelle \u00e9tait tr\u00e8s belle, de l&rsquo;ext\u00e9rieur ses pierres et son porche se pr\u00e9sentaient \u00e0 nous comme dessin\u00e9s par Walt Disney.<br>Par quelle magie, la porte n&rsquo;\u00e9tait-elle pas ferm\u00e9e \u00e0 cl\u00e9 ?<\/p>\n\n\n\n<p class=\"wp-block-paragraph\">A l&rsquo;int\u00e9rieur il faisait sombre, 5 rang\u00e9es de bancs ne devaient pas permettre \u00e0 grand monde de s&rsquo;y tenir et pourtant, en face, deri\u00e8re une grille la statue de la Vierge Marie nous invitait \u00e0 y rester un moment. Sur le c\u00f4t\u00e9 gauche 3 vitraux resplendissaient de lumi\u00e8re\u2026<\/p>\n\n\n\n<p class=\"wp-block-paragraph\">Quelle surprise !<\/p>\n\n\n\n<figure class=\"wp-block-image size-large\"><img loading=\"lazy\" decoding=\"async\" width=\"1024\" height=\"527\" src=\"https:\/\/mercigracias.ch\/PourToutesTesGraces\/wp-content\/uploads\/2025\/03\/Chapelle-1024x527.jpg\" alt=\"\" class=\"wp-image-278\" srcset=\"https:\/\/mercigracias.ch\/PourToutesTesGraces\/wp-content\/uploads\/2025\/03\/Chapelle-1024x527.jpg 1024w, https:\/\/mercigracias.ch\/PourToutesTesGraces\/wp-content\/uploads\/2025\/03\/Chapelle-300x154.jpg 300w, https:\/\/mercigracias.ch\/PourToutesTesGraces\/wp-content\/uploads\/2025\/03\/Chapelle-768x395.jpg 768w, https:\/\/mercigracias.ch\/PourToutesTesGraces\/wp-content\/uploads\/2025\/03\/Chapelle-1536x790.jpg 1536w, https:\/\/mercigracias.ch\/PourToutesTesGraces\/wp-content\/uploads\/2025\/03\/Chapelle-2048x1054.jpg 2048w, https:\/\/mercigracias.ch\/PourToutesTesGraces\/wp-content\/uploads\/2025\/03\/Chapelle-1568x807.jpg 1568w\" sizes=\"auto, (max-width: 1024px) 100vw, 1024px\" \/><\/figure>\n\n\n\n<p class=\"wp-block-paragraph\">Le premier repr\u00e9sentait Saint Canisius, le deuxi\u00e8me Sainte Th\u00e9r\u00e8se de l&rsquo;enfant J\u00e9sus et le troisi\u00e8me Saint Fran\u00e7ois d&rsquo;Assise.<\/p>\n\n\n\n<p class=\"wp-block-paragraph\">Quel magnifique message de bienvenu !<\/p>\n\n\n\n<ul class=\"wp-block-list\">\n<li>Canisius, \u00e9tait le pr\u00eatre qui nous avait b\u00e9ni lors de notre mariage.<\/li>\n\n\n\n<li>Sainte Th\u00e9r\u00e8se de l&rsquo;enfant J\u00e9sus, c&rsquo;\u00e9tait mon saint Patron !<\/li>\n\n\n\n<li>et Saint Fran\u00e7ois d&rsquo;Assise c&rsquo;\u00e9tait le Saint Patron de mon compagnon !<\/li>\n<\/ul>\n\n\n\n<p class=\"wp-block-paragraph\">\u2026un message nous \u00e9tait adress\u00e9 directement de l\u00e0-haut, sp\u00e9cialement pour nous !<br>En effet, notre rencontre et notre pacse avaient \u00e9t\u00e9 b\u00e9nis, et cette chapelle nous avait appel\u00e9s pour nous le rappeler&#8230;<\/p>\n\n\n\n<p class=\"wp-block-paragraph\">Nous devions vraiment nous y arr\u00eater.<\/p>\n\n\n\n<p class=\"wp-block-paragraph\">Merci &#8211; Gracias<\/p>\n","protected":false},"excerpt":{"rendered":"<p>Jeudi 27 mars 2025, je devais aller avec mon compagnon voir un th\u00e9rapeute pr\u00e8s de Fribourg pour faire un nettoyage et me rebooster\u2026En arrivant vers 16 heures il faisait grand soleil, mais froid. Le vallon en plein vent permettait \u00e0 la bise d&rsquo;\u00eatre bien pr\u00e9sente. C&rsquo;\u00e9tait la troisi\u00e8me fois que j&rsquo;y allais et comme c&rsquo;est&hellip; <a class=\"more-link\" href=\"https:\/\/mercigracias.ch\/PourToutesTesGraces\/?p=279\">Poursuivre la lecture <span class=\"screen-reader-text\">La chapelle&#8230;<\/span><\/a><\/p>\n","protected":false},"author":1,"featured_media":0,"comment_status":"open","ping_status":"closed","sticky":false,"template":"","format":"standard","meta":{"_jetpack_memberships_contains_paid_content":false,"footnotes":""},"categories":[7,5],"tags":[],"class_list":["post-279","post","type-post","status-publish","format-standard","hentry","category-paranormal","category-spiritualite","entry"],"jetpack_featured_media_url":"","jetpack_sharing_enabled":true,"_links":{"self":[{"href":"https:\/\/mercigracias.ch\/PourToutesTesGraces\/index.php?rest_route=\/wp\/v2\/posts\/279","targetHints":{"allow":["GET"]}}],"collection":[{"href":"https:\/\/mercigracias.ch\/PourToutesTesGraces\/index.php?rest_route=\/wp\/v2\/posts"}],"about":[{"href":"https:\/\/mercigracias.ch\/PourToutesTesGraces\/index.php?rest_route=\/wp\/v2\/types\/post"}],"author":[{"embeddable":true,"href":"https:\/\/mercigracias.ch\/PourToutesTesGraces\/index.php?rest_route=\/wp\/v2\/users\/1"}],"replies":[{"embeddable":true,"href":"https:\/\/mercigracias.ch\/PourToutesTesGraces\/index.php?rest_route=%2Fwp%2Fv2%2Fcomments&post=279"}],"version-history":[{"count":5,"href":"https:\/\/mercigracias.ch\/PourToutesTesGraces\/index.php?rest_route=\/wp\/v2\/posts\/279\/revisions"}],"predecessor-version":[{"id":606,"href":"https:\/\/mercigracias.ch\/PourToutesTesGraces\/index.php?rest_route=\/wp\/v2\/posts\/279\/revisions\/606"}],"wp:attachment":[{"href":"https:\/\/mercigracias.ch\/PourToutesTesGraces\/index.php?rest_route=%2Fwp%2Fv2%2Fmedia&parent=279"}],"wp:term":[{"taxonomy":"category","embeddable":true,"href":"https:\/\/mercigracias.ch\/PourToutesTesGraces\/index.php?rest_route=%2Fwp%2Fv2%2Fcategories&post=279"},{"taxonomy":"post_tag","embeddable":true,"href":"https:\/\/mercigracias.ch\/PourToutesTesGraces\/index.php?rest_route=%2Fwp%2Fv2%2Ftags&post=279"}],"curies":[{"name":"wp","href":"https:\/\/api.w.org\/{rel}","templated":true}]}}