{"id":305,"date":"2025-04-08T13:59:45","date_gmt":"2025-04-08T13:59:45","guid":{"rendered":"https:\/\/mercigracias.ch\/PourToutesTesGraces\/?p=305"},"modified":"2026-07-08T14:16:49","modified_gmt":"2026-07-08T14:16:49","slug":"jo","status":"publish","type":"post","link":"https:\/\/mercigracias.ch\/PourToutesTesGraces\/?p=305","title":{"rendered":"Jo&#8230;"},"content":{"rendered":"\n<p class=\"wp-block-paragraph\">D\u00e9but 2002, les \u00e9toiles \u00e9taient positionn\u00e9es pour que tout se passe comme pr\u00e9vu. Tout avait \u00e9t\u00e9 \u00e9crit dans le ciel et dans le temps.<\/p>\n\n\n\n<p class=\"wp-block-paragraph\">Ce lundi 4 mars 2002 vers 19 heures quelqu&rsquo;un sonne \u00e0 ma porte. <br>Ce jour l\u00e0, contrairement \u00e0 chaque lundi soir, j&rsquo;\u00e9tais chez moi. <br>En effet Chaque lundi soir je donnais des cours du soir \u00e0 l&rsquo;\u00e9cole Club\u2026 Mais cette semaine l\u00e0, j&rsquo;\u00e9tais chez moi, le cours avait \u00e9t\u00e9 annul\u00e9. Alors intrigu\u00e9e, j&rsquo;entrouvre la porte et j&rsquo;aper\u00e7ois un homme d&rsquo;une quarantaine d&rsquo;ann\u00e9e qui commence \u00e0 me d\u00e9biter une histoire que je ne comprends pas tout de suite\u2026<\/p>\n\n\n\n<ul class=\"wp-block-list\">\n<li>Il veut me vendre des tickets pour un concert ?<\/li>\n<\/ul>\n\n\n\n<p class=\"wp-block-paragraph\">&#8230;Non, en fait il voulait m&rsquo;inviter, pour aller \u00e9couter un concerto pour violoncelle, mercredi soir\u2026<br>Echaud\u00e9e par des exp\u00e9riences singuli\u00e8res avec les hommes, d&rsquo;habitude je les repoussais cat\u00e9goriquement\u2026 mais l\u00e0, apr\u00e8s m&rsquo;\u00eatre interrog\u00e9e la semaine pr\u00e9c\u00e9dente pour avoir remball\u00e9 s\u00e8chement un homme qui m&rsquo;avait interpell\u00e9e \u00e0 la Migros alors qu&rsquo;il voulait m&rsquo;inviter gentiment pour aller boire un caf\u00e9 avec lui et je m&rsquo;\u00e9tais dit :<\/p>\n\n\n\n<ul class=\"wp-block-list\">\n<li>Mais qu&rsquo;est ce qui t&rsquo;arrive ?<\/li>\n<\/ul>\n\n\n\n<p class=\"wp-block-paragraph\">Sur le coup je me suis m\u00eame \u00e9tonn\u00e9e moi-m\u00eame\u2026 Mais pourquoi tu le remballes ainsi, alors que tu t&rsquo;es toujours dit qu&rsquo;un jour, tu reprendrais confiance et lorsque les enfants seraient plus grands tu poursuivrais ta route accompagn\u00e9e ?<\/p>\n\n\n\n<ul class=\"wp-block-list\">\n<li>Alors, si tu remballes toutes les invitations comme \u00e7a, c&rsquo;est peu probable de faire une rencontre !<\/li>\n<\/ul>\n\n\n\n<p class=\"wp-block-paragraph\">C&rsquo;est pourquoi ce soir l\u00e0, un peu paniqu\u00e9e par l&rsquo;invitation, je lui ai dit de repasser le lendemain\u2026<\/p>\n\n\n\n<ul class=\"wp-block-list\">\n<li>Demain ? A la m\u00eame heure ?<\/li>\n\n\n\n<li>Oui, \u00e0 la m\u00eame heure\u2026<\/li>\n<\/ul>\n\n\n\n<p class=\"wp-block-paragraph\">Le lendemain mardi 19 heures, il est repass\u00e9, \u00e0 re-sonn\u00e9 et il m&rsquo;expliqua :<\/p>\n\n\n\n<ul class=\"wp-block-list\">\n<li>Bonjour, voil\u00e0 je suis votre voisin, j&rsquo;habite dans le m\u00eame immeuble, au m\u00eame \u00e9tage que vous mais dans l&rsquo;entr\u00e9e suivante et vendredi un de mes coll\u00e8gues m&rsquo;a donn\u00e9 deux places pour un super concert, sa femme est \u00e0 l&rsquo;h\u00f4pital et ils ne peuvent pas y aller\u2026<br>Comme je ne connais pas grand monde dans la r\u00e9gion, et vous ayant crois\u00e9 une paire de fois sur le parking, je me suis dit que peut-\u00eatre cela pourrait vous int\u00e9resser de m&rsquo;accompagner\u2026? Vous savez, ma voiture est gar\u00e9e juste \u00e0 c\u00f4t\u00e9 de la v\u00f4tre&#8230;<\/li>\n<\/ul>\n\n\n\n<p class=\"wp-block-paragraph\">J&rsquo;ai accept\u00e9\u2026 et nous sommes devenus de grands amis.<br>2002, c&rsquo;\u00e9tait vraiment une ann\u00e9e particuli\u00e8re. Mon anniversaire c&rsquo;est le 20 f\u00e9vrier , le 20.02.2002, Vingt-deux-vingt-deux, \u00e7a fait 44, non ? et je venais juste de f\u00eater mes 44 ans, 2 semaines avant sa venue\u2026<\/p>\n\n\n\n<p class=\"wp-block-paragraph\">Quelle co\u00efncidence !<\/p>\n\n\n\n<p class=\"wp-block-paragraph\">Mais j&rsquo;\u00e9tais encore loin de connaitre tous les signes qui ont entour\u00e9 cette rencontre\u2026 et d&rsquo;imaginer la suite.<\/p>\n\n\n\n<p class=\"wp-block-paragraph\">Le jour de notre premier rendez-vous c&rsquo;\u00e9tait donc pour ce concert, le mercredi soir 6 mars, jour de la sainte Colette\u2026 et Colette c&rsquo;\u00e9tait le pr\u00e9nom de ma s\u0153ur\u2026 ! <br>Plus tard j&rsquo;ai su que c&rsquo;\u00e9tait aussi le pr\u00e9nom de sa m\u00e8re\u2026<\/p>\n\n\n\n<p class=\"wp-block-paragraph\">Quelle co\u00efncidence\u2026<\/p>\n\n\n\n<p class=\"wp-block-paragraph\">&#8230;et puis comme il m&rsquo;avait dit son nom, j&rsquo;avais \u00e9t\u00e9 contr\u00f4ler les boites aux lettres pour me rassurer et savoir de qui il s&rsquo;agissait \u2026<\/p>\n\n\n\n<p class=\"wp-block-paragraph\">Quelle surprise !<\/p>\n\n\n\n<p class=\"wp-block-paragraph\">&#8230;son pr\u00e9nom ? c&rsquo;\u00e9tait le m\u00eame que mon ex-mari, mais avec la lettre \u00ab\u00a0O\u00a0\u00bb en plus\u2026 l&rsquo; \u00ab\u00a0O\u00a0\u00bb qui me manquait, pour moi un poisson ?\u2026 (Rire)<\/p>\n\n\n\n<p class=\"wp-block-paragraph\">Et son nom de famille ? C&rsquo;\u00e9tait un pr\u00e9nom allemand, le m\u00eame que celui de mon fr\u00e8re, que celui de mon oncle, de mon cousin\u2026 <br>En fait, dans ma famille, il y en a partout des hommes avec ce pr\u00e9nom ! et lui c&rsquo;\u00e9tait son nom de famille\u2026?<\/p>\n\n\n\n<p class=\"wp-block-paragraph\">Comme c&rsquo;\u00e9tait \u00e9trange, qu&rsquo;est ce que c&rsquo;\u00e9tait cette histoire ? <br>Qu&rsquo;est ce que \u00e7a voulait dire ?<\/p>\n\n\n\n<p class=\"wp-block-paragraph\">Plus tard il m&rsquo;a racont\u00e9 que le coll\u00e8gue qui lui avait donn\u00e9 les deux entr\u00e9es de concert, s&rsquo;appelait \u00ab\u00a0Jo\u00a0\u00bb\u2026que tout le monde l&rsquo;appelait \u00ab\u00a0Jo\u00a0\u00bb mais que personne ne savait vraiment son pr\u00e9nom\u2026 En fait c&rsquo;\u00e9tait un diminutif, et c&rsquo;\u00e9tait aussi le pr\u00e9nom de mon p\u00e8re, qui \u00e9tait d\u00e9c\u00e9d\u00e9 depuis plusieurs ann\u00e9es\u2026<\/p>\n\n\n\n<p class=\"wp-block-paragraph\">C&rsquo;\u00e9tait lui ! &#8230;Oui \u00e7a ne pouvait \u00eatre que lui, c&rsquo;\u00e9tait lui qui l&rsquo;avait envoy\u00e9 \u00e0 ma rencontre\u2026<\/p>\n\n\n\n<p class=\"wp-block-paragraph\">Et sa voiture sur le parking, gar\u00e9e \u00e0 c\u00f4t\u00e9 de la mienne ? <br>Sa plaque elle avait presque le m\u00eame num\u00e9ro que la mienne\u2026! <br>et hop, tu intervertis 2 num\u00e9ros le 4 et le 1 (41) pour faire 14 et tu fais + 1, <br>&#8230; J&rsquo;avais juste un de plus, c&rsquo;est pas grand chose, non ?<br>Plus tard il m&rsquo;a expliqu\u00e9 que cette plaque, \u00e0 l&rsquo;origine, c&rsquo;\u00e9tait la plaque auto de son ex-femme, qu&rsquo;il avait reprise lorsqu&rsquo;ils s&rsquo;\u00e9taient s\u00e9par\u00e9s\u2026Comme son pr\u00e9nom avec le \u00ab\u00a0O\u00a0\u00bb en plus\u2026ce n&rsquo;\u00e9tait pas grand chose, mais c&rsquo;\u00e9tait tout ce qui faisait la diff\u00e9rence\u2026<\/p>\n\n\n\n<p class=\"wp-block-paragraph\">La suite ?\u2026<br>Apr\u00e8s plus de 3 ans d&rsquo;amiti\u00e9s, il \u00e9tait \u00e9vident qu&rsquo;on \u00e9tait fait l&rsquo;un pour l&rsquo;autre et Jo avait \u00e9t\u00e9 le messager.<\/p>\n\n\n\n<p class=\"wp-block-paragraph\">Merci Gracias<br>Merci Papa<\/p>\n","protected":false},"excerpt":{"rendered":"<p>D\u00e9but 2002, les \u00e9toiles \u00e9taient positionn\u00e9es pour que tout se passe comme pr\u00e9vu. Tout avait \u00e9t\u00e9 \u00e9crit dans le ciel et dans le temps. Ce lundi 4 mars 2002 vers 19 heures quelqu&rsquo;un sonne \u00e0 ma porte. Ce jour l\u00e0, contrairement \u00e0 chaque lundi soir, j&rsquo;\u00e9tais chez moi. En effet Chaque lundi soir je donnais&hellip; <a class=\"more-link\" href=\"https:\/\/mercigracias.ch\/PourToutesTesGraces\/?p=305\">Poursuivre la lecture <span class=\"screen-reader-text\">Jo&#8230;<\/span><\/a><\/p>\n","protected":false},"author":1,"featured_media":0,"comment_status":"open","ping_status":"closed","sticky":false,"template":"","format":"standard","meta":{"_jetpack_memberships_contains_paid_content":false,"footnotes":""},"categories":[7,5,1],"tags":[],"class_list":["post-305","post","type-post","status-publish","format-standard","hentry","category-paranormal","category-spiritualite","category-uncategorized","entry"],"jetpack_featured_media_url":"","jetpack_sharing_enabled":true,"_links":{"self":[{"href":"https:\/\/mercigracias.ch\/PourToutesTesGraces\/index.php?rest_route=\/wp\/v2\/posts\/305","targetHints":{"allow":["GET"]}}],"collection":[{"href":"https:\/\/mercigracias.ch\/PourToutesTesGraces\/index.php?rest_route=\/wp\/v2\/posts"}],"about":[{"href":"https:\/\/mercigracias.ch\/PourToutesTesGraces\/index.php?rest_route=\/wp\/v2\/types\/post"}],"author":[{"embeddable":true,"href":"https:\/\/mercigracias.ch\/PourToutesTesGraces\/index.php?rest_route=\/wp\/v2\/users\/1"}],"replies":[{"embeddable":true,"href":"https:\/\/mercigracias.ch\/PourToutesTesGraces\/index.php?rest_route=%2Fwp%2Fv2%2Fcomments&post=305"}],"version-history":[{"count":6,"href":"https:\/\/mercigracias.ch\/PourToutesTesGraces\/index.php?rest_route=\/wp\/v2\/posts\/305\/revisions"}],"predecessor-version":[{"id":593,"href":"https:\/\/mercigracias.ch\/PourToutesTesGraces\/index.php?rest_route=\/wp\/v2\/posts\/305\/revisions\/593"}],"wp:attachment":[{"href":"https:\/\/mercigracias.ch\/PourToutesTesGraces\/index.php?rest_route=%2Fwp%2Fv2%2Fmedia&parent=305"}],"wp:term":[{"taxonomy":"category","embeddable":true,"href":"https:\/\/mercigracias.ch\/PourToutesTesGraces\/index.php?rest_route=%2Fwp%2Fv2%2Fcategories&post=305"},{"taxonomy":"post_tag","embeddable":true,"href":"https:\/\/mercigracias.ch\/PourToutesTesGraces\/index.php?rest_route=%2Fwp%2Fv2%2Ftags&post=305"}],"curies":[{"name":"wp","href":"https:\/\/api.w.org\/{rel}","templated":true}]}}