{"id":318,"date":"2025-05-01T09:01:00","date_gmt":"2025-05-01T09:01:00","guid":{"rendered":"https:\/\/mercigracias.ch\/PourToutesTesGraces\/?p=318"},"modified":"2025-05-13T12:01:18","modified_gmt":"2025-05-13T12:01:18","slug":"elle-rayonnait-de-lumiere-son-mari-etait-present","status":"publish","type":"post","link":"https:\/\/mercigracias.ch\/PourToutesTesGraces\/?p=318","title":{"rendered":"Elle rayonnait de lumi\u00e8re, son mari \u00e9tait pr\u00e9sent&#8230;"},"content":{"rendered":"\n<p class=\"wp-block-paragraph\">Nous \u00e9tions all\u00e9 \u00e0 l&rsquo;enterrement du p\u00e8re du patron de mon compagnon, \u00e9tait ce en 2013 ? <br>L&rsquo;\u00e9glise \u00e9tait de taille moyenne et d&rsquo;une forme circulaire. <br>Le cercueil \u00e9tait au centre. Toute la famille avait v\u00e9cu dans ce quartier depuis qu&rsquo;ils \u00e9taient arriv\u00e9s en provenance d&rsquo;Italie il y avait des ann\u00e9es&#8230; <br>L&rsquo;\u00e9glise \u00e9tait remplie, car Il y avait toute sa famille, sa femme, sa fille et son fils, son fr\u00e8re et sa propre famille, leurs amis et beaucoup des coll\u00e8gues de travail. En tant que responsable d&rsquo;une centaine de fonctionnaires de l&rsquo;\u00e9tat, beaucoup s&rsquo;\u00e9taient d\u00e9plac\u00e9s par solidarit\u00e9 et par bienveillance devant la tristesse d&rsquo;avoir perdu un parent. <br><br>Alors que nous \u00e9tions install\u00e9s au troisi\u00e8me rang, un peu derri\u00e8re l&rsquo;autel, en face, toute la famille \u00e9tait align\u00e9e. La grand maman, \u00e9tait soutenue par ses deux fils, un de chaque cot\u00e9 et tous \u00e9taient d&rsquo;une grande tristesse. <br><br>La c\u00e9r\u00e9monie religieuse avait commenc\u00e9 et pendant que le pr\u00eatre nous exposait la personnalit\u00e9 du d\u00e9funt et ce qu&rsquo;il avait travers\u00e9 dans sa vie, un rayon de lumi\u00e8re a commenc\u00e9 \u00e0 jaillir du ciel et illuminer la grand maman&#8230;<br><br>J&rsquo;interpelle mon compagnon qui \u00e9tait \u00e0 ma droite :<br>&#8211; tu as vu la lumi\u00e8re ? regarde&#8230; !<br>Je pensais que tout le monde devant nous avait vu&#8230; mais non, personne ne se rendait compte&#8230;<br><br>Ce rayon de soleil, descendait d&rsquo;une toute petite fen\u00eatre \u00e0 l&rsquo;\u00e9tage, le faisceau lumineux faisait une cinquantaine de centim\u00e8tres de diam\u00e8tre, pas plus, on voyait sa transparence qui provenait d&rsquo;en haut, au dessus de tous et qui descendait presque \u00e0 la verticale sur la t\u00eate de la grand m\u00e8re, comme un projecteur dans un th\u00e9atre&#8230;et illuminait la petite grand m\u00e8re. Comme elle avait des cheveux d&rsquo;un blanc pur, c&rsquo;\u00e9tait \u00e9blouissant et cela donnait une clart\u00e9 dans tout le centre de l&rsquo;\u00e9glise, laissant le fond dans la p\u00e9nombre. <br><br>Elle rayonnait. <br><br>\u00e7a a bien dur\u00e9 une dizaine de minutes, et vers la fin la lumi\u00e8re s&rsquo;\u00e9tait m\u00eame l\u00e9g\u00e8rement d\u00e9plac\u00e9e sur la t\u00eate des deux fils \u00e0 ses cot\u00e9s, puis s&rsquo;est \u00e9vanoui&#8230;Le soleil n&rsquo;\u00e9clairait plus \u00e0 travers de cette petite fen\u00eatre&#8230;<br><br>Personne ne semblait avoir remarqu\u00e9 cette manifestation divine. C&rsquo;\u00e9tait une image comme on voit les saints sur certaines peintures religieuses&#8230;<br><br>Il \u00e9tait clair que son mari \u00e9tait pr\u00e9sent, il montrait \u00e0 tous combien il avait aim\u00e9 sa femme !<br><br>Mon compagnon apr\u00e8s lui avoir fait remarqu\u00e9, \u00e9tait abasourdi, subjugu\u00e9 par cette vision. Un signe de l\u00e0-haut s&rsquo;\u00e9tait manifest\u00e9 juste \u00e0 ce moment l\u00e0&#8230;et peu de personnes ne l&rsquo;avait remarqu\u00e9&#8230;<br><br>C&rsquo;est avec mon p\u00e8re que j&rsquo;avais appris \u00e0 ouvrir les yeux. <br>Quand j&rsquo;\u00e9tais enfant il me disait : <br><br>Tu es l\u00e0, pr\u00e9sente&#8230; mais tes yeux doivent \u00eatre partout !<br>regarde&#8230;<br><br>Merci papa<br><br><br><br><\/p>\n","protected":false},"excerpt":{"rendered":"<p>Nous \u00e9tions all\u00e9 \u00e0 l&rsquo;enterrement du p\u00e8re du patron de mon compagnon, \u00e9tait ce en 2013 ? L&rsquo;\u00e9glise \u00e9tait de taille moyenne et d&rsquo;une forme circulaire. Le cercueil \u00e9tait au centre. Toute la famille avait v\u00e9cu dans ce quartier depuis qu&rsquo;ils \u00e9taient arriv\u00e9s en provenance d&rsquo;Italie il y avait des ann\u00e9es&#8230; L&rsquo;\u00e9glise \u00e9tait remplie, car&hellip; <a class=\"more-link\" href=\"https:\/\/mercigracias.ch\/PourToutesTesGraces\/?p=318\">Poursuivre la lecture <span class=\"screen-reader-text\">Elle rayonnait de lumi\u00e8re, son mari \u00e9tait pr\u00e9sent&#8230;<\/span><\/a><\/p>\n","protected":false},"author":1,"featured_media":0,"comment_status":"open","ping_status":"closed","sticky":false,"template":"","format":"standard","meta":{"_jetpack_memberships_contains_paid_content":false,"footnotes":""},"categories":[7,6,5],"tags":[],"class_list":["post-318","post","type-post","status-publish","format-standard","hentry","category-paranormal","category-psychologie","category-spiritualite","entry"],"jetpack_featured_media_url":"","jetpack_sharing_enabled":true,"_links":{"self":[{"href":"https:\/\/mercigracias.ch\/PourToutesTesGraces\/index.php?rest_route=\/wp\/v2\/posts\/318","targetHints":{"allow":["GET"]}}],"collection":[{"href":"https:\/\/mercigracias.ch\/PourToutesTesGraces\/index.php?rest_route=\/wp\/v2\/posts"}],"about":[{"href":"https:\/\/mercigracias.ch\/PourToutesTesGraces\/index.php?rest_route=\/wp\/v2\/types\/post"}],"author":[{"embeddable":true,"href":"https:\/\/mercigracias.ch\/PourToutesTesGraces\/index.php?rest_route=\/wp\/v2\/users\/1"}],"replies":[{"embeddable":true,"href":"https:\/\/mercigracias.ch\/PourToutesTesGraces\/index.php?rest_route=%2Fwp%2Fv2%2Fcomments&post=318"}],"version-history":[{"count":3,"href":"https:\/\/mercigracias.ch\/PourToutesTesGraces\/index.php?rest_route=\/wp\/v2\/posts\/318\/revisions"}],"predecessor-version":[{"id":327,"href":"https:\/\/mercigracias.ch\/PourToutesTesGraces\/index.php?rest_route=\/wp\/v2\/posts\/318\/revisions\/327"}],"wp:attachment":[{"href":"https:\/\/mercigracias.ch\/PourToutesTesGraces\/index.php?rest_route=%2Fwp%2Fv2%2Fmedia&parent=318"}],"wp:term":[{"taxonomy":"category","embeddable":true,"href":"https:\/\/mercigracias.ch\/PourToutesTesGraces\/index.php?rest_route=%2Fwp%2Fv2%2Fcategories&post=318"},{"taxonomy":"post_tag","embeddable":true,"href":"https:\/\/mercigracias.ch\/PourToutesTesGraces\/index.php?rest_route=%2Fwp%2Fv2%2Ftags&post=318"}],"curies":[{"name":"wp","href":"https:\/\/api.w.org\/{rel}","templated":true}]}}