{"id":330,"date":"2025-05-13T12:40:17","date_gmt":"2025-05-13T12:40:17","guid":{"rendered":"https:\/\/mercigracias.ch\/PourToutesTesGraces\/?p=330"},"modified":"2025-05-13T12:40:17","modified_gmt":"2025-05-13T12:40:17","slug":"lopel-ascona-de-mon-pere","status":"publish","type":"post","link":"https:\/\/mercigracias.ch\/PourToutesTesGraces\/?p=330","title":{"rendered":"L&rsquo;Opel ascona de mon p\u00e8re&#8230;"},"content":{"rendered":"\n<p class=\"wp-block-paragraph\">Lorsque mon p\u00e8re est d\u00e9c\u00e9d\u00e9 en 1989, mon fr\u00e8re a dit tout de suite, sa voiture elle est pour toi\u2026Une Opel Ascona, elle \u00e9tait de taille moyenne. Elle \u00e9tait grise, elle \u00e9tait moche mais tr\u00e8s confortable&#8230;<\/p>\n\n\n\n<p class=\"wp-block-paragraph\">&#8211; Tu la prends maintenant !, qu&rsquo;il me dit&#8230;<br>&#8211; mais moi, j&rsquo;ai pas besoin de voiture\u2026<br>&#8211; Tu la prends, t&rsquo;as besoin de cette voiture\u2026<\/p>\n\n\n\n<p class=\"wp-block-paragraph\">ll avait du recevoir une petite voix\u2026Mon p\u00e8re avait du lui dire : <\/p>\n\n\n\n<p class=\"wp-block-paragraph\">&#8211; \u00e9coute il faut qu&rsquo;elle l&rsquo;ait !<\/p>\n\n\n\n<p class=\"wp-block-paragraph\">Plus tard quand je suis partie au Costa rica, je n&rsquo;ai pas voulu qu&rsquo;on la vende\u2026 C&rsquo;\u00e9tait celle de mon p\u00e8re, et quand je suis revenue, je me suis dit toute de suite, va chercher tes plaques et j&rsquo;ai repris ma voiture\u2026<\/p>\n\n\n\n<p class=\"wp-block-paragraph\">Ce que je sais c&rsquo;est qu&rsquo;avec l&rsquo;auto de mon p\u00e8re, je suis all\u00e9e en montagne, \u00e0 la neige, je n&rsquo;avais aucun souci. <\/p>\n\n\n\n<p class=\"wp-block-paragraph\">Il y avait une totale s\u00e9curit\u00e9 dans cette voiture. Avec elle, je n&rsquo;ai jamais eu d&rsquo;angoisses, mais plus tard avec celle de mon amie, la petite Nissan, j&rsquo;\u00e9tais angoiss\u00e9e\u2026<br>C&rsquo;\u00e9tait la voiture de mon p\u00e8re, j&rsquo;avais une totale confiance, je me sentait prot\u00e9g\u00e9e, et surement que je l&rsquo;\u00e9tais\u2026<\/p>\n\n\n\n<p class=\"wp-block-paragraph\">Je ne pouvais pas m&rsquo;en s\u00e9parer, et le num\u00e9ro de plaque que j&rsquo;ai eu, c&rsquo;\u00e9tait bien sur sa voiture, qu&rsquo;il avait \u00e9t\u00e9 attribu\u00e9&#8230;<\/p>\n\n\n\n<p class=\"wp-block-paragraph\">Je ne savais pas encore que plus tard il nous dirait quelque chose\u2026<\/p>\n\n\n\n<p class=\"wp-block-paragraph\">&#8230;Il faut du temps au temps pour comprendre, et voir entre les lignes de la vie.<\/p>\n\n\n\n<p class=\"wp-block-paragraph\">Merci Gracias<\/p>\n","protected":false},"excerpt":{"rendered":"<p>Lorsque mon p\u00e8re est d\u00e9c\u00e9d\u00e9 en 1989, mon fr\u00e8re a dit tout de suite, sa voiture elle est pour toi\u2026Une Opel Ascona, elle \u00e9tait de taille moyenne. Elle \u00e9tait grise, elle \u00e9tait moche mais tr\u00e8s confortable&#8230; &#8211; Tu la prends maintenant !, qu&rsquo;il me dit&#8230;&#8211; mais moi, j&rsquo;ai pas besoin de voiture\u2026&#8211; Tu la prends,&hellip; <a class=\"more-link\" href=\"https:\/\/mercigracias.ch\/PourToutesTesGraces\/?p=330\">Poursuivre la lecture <span class=\"screen-reader-text\">L&rsquo;Opel ascona de mon p\u00e8re&#8230;<\/span><\/a><\/p>\n","protected":false},"author":1,"featured_media":0,"comment_status":"open","ping_status":"closed","sticky":false,"template":"","format":"standard","meta":{"_jetpack_memberships_contains_paid_content":false,"footnotes":""},"categories":[7,6,5],"tags":[],"class_list":["post-330","post","type-post","status-publish","format-standard","hentry","category-paranormal","category-psychologie","category-spiritualite","entry"],"jetpack_featured_media_url":"","jetpack_sharing_enabled":true,"_links":{"self":[{"href":"https:\/\/mercigracias.ch\/PourToutesTesGraces\/index.php?rest_route=\/wp\/v2\/posts\/330","targetHints":{"allow":["GET"]}}],"collection":[{"href":"https:\/\/mercigracias.ch\/PourToutesTesGraces\/index.php?rest_route=\/wp\/v2\/posts"}],"about":[{"href":"https:\/\/mercigracias.ch\/PourToutesTesGraces\/index.php?rest_route=\/wp\/v2\/types\/post"}],"author":[{"embeddable":true,"href":"https:\/\/mercigracias.ch\/PourToutesTesGraces\/index.php?rest_route=\/wp\/v2\/users\/1"}],"replies":[{"embeddable":true,"href":"https:\/\/mercigracias.ch\/PourToutesTesGraces\/index.php?rest_route=%2Fwp%2Fv2%2Fcomments&post=330"}],"version-history":[{"count":1,"href":"https:\/\/mercigracias.ch\/PourToutesTesGraces\/index.php?rest_route=\/wp\/v2\/posts\/330\/revisions"}],"predecessor-version":[{"id":331,"href":"https:\/\/mercigracias.ch\/PourToutesTesGraces\/index.php?rest_route=\/wp\/v2\/posts\/330\/revisions\/331"}],"wp:attachment":[{"href":"https:\/\/mercigracias.ch\/PourToutesTesGraces\/index.php?rest_route=%2Fwp%2Fv2%2Fmedia&parent=330"}],"wp:term":[{"taxonomy":"category","embeddable":true,"href":"https:\/\/mercigracias.ch\/PourToutesTesGraces\/index.php?rest_route=%2Fwp%2Fv2%2Fcategories&post=330"},{"taxonomy":"post_tag","embeddable":true,"href":"https:\/\/mercigracias.ch\/PourToutesTesGraces\/index.php?rest_route=%2Fwp%2Fv2%2Ftags&post=330"}],"curies":[{"name":"wp","href":"https:\/\/api.w.org\/{rel}","templated":true}]}}