{"id":367,"date":"2025-07-30T07:10:49","date_gmt":"2025-07-30T07:10:49","guid":{"rendered":"https:\/\/mercigracias.ch\/PourToutesTesGraces\/?p=367"},"modified":"2026-07-11T09:31:37","modified_gmt":"2026-07-11T09:31:37","slug":"la-veille-de-la-ceremonie","status":"publish","type":"post","link":"https:\/\/mercigracias.ch\/PourToutesTesGraces\/?p=367","title":{"rendered":"La veille de la c\u00e9r\u00e9monie"},"content":{"rendered":"\n<p class=\"wp-block-paragraph\"><em>28 Juillet 2025, \u00e7a faisait 6 jours qu&rsquo;elle \u00e9tait d\u00e9c\u00e9d\u00e9e, et il me semblait que c&rsquo;\u00e9tait hier.<\/em><\/p>\n\n\n\n<p class=\"wp-block-paragraph\"><em>La vid\u00e9o pour la c\u00e9r\u00e9monie du 29 juillet \u00e9tait enfin termin\u00e9e, les textes avaient \u00e9t\u00e9 valid\u00e9s par elle deux mois auparavant et les images, s\u00e9quences vid\u00e9os avaient \u00e9t\u00e9 s\u00e9lectionn\u00e9es en ad\u00e9quation avec les textes. Quand aux chants, musiques et pri\u00e8res de recueillement, c&rsquo;\u00e9taient les siens.<\/em><br><em>Je tournais en rond dans notre appartement bien fatigu\u00e9 par ces derni\u00e8res semaines, et n&rsquo;ayant plus qu&rsquo;\u00e0 attendre la c\u00e9r\u00e9monie\u2026<br>Les chants et musiques me tournaient dans la t\u00eate sans cesse <br>nuit et jour, tant d&rsquo;\u00e9motions exprim\u00e9es, \u00e0 g\u00e9rer, j&rsquo;\u00e9tais \u00e9puis\u00e9.<\/em><\/p>\n\n\n\n<p class=\"wp-block-paragraph\"><em>Alors je me suis dit :<br>Ecoute un CD de musique intense qui te prenne toute la t\u00eate et qu&rsquo;au final \u00e7a remplace tous ces chants \u00e9motionnels\u2026<br><\/em><br><em>Sans h\u00e9siter je met : Carmina Burana de Carl Orf. <br>&#8230;Un enregistrement de l\u00e9gende de Riccardo Chailly.<\/em><\/p>\n\n\n\n<p class=\"wp-block-paragraph\"><em>Enfin, j&rsquo;ai pu me recharger, reprendre mes marques, vider la t\u00eate et continuer jusqu&rsquo;au soir\u2026<br>Compl\u00e9tement naze, je me suis couch\u00e9 vers 21:00, pour tenter de r\u00e9cup\u00e9rer le sommeil perdu et esp\u00e9rer pouvoir g\u00e9rer au mieux la pr\u00e9sentation, pouvoir rester debout, et parler au micro devant tous ses amis\u2026<\/em><\/p>\n\n\n\n<p class=\"wp-block-paragraph\"><em>A 23:00 r\u00e9veil.<\/em><\/p>\n\n\n\n<p class=\"wp-block-paragraph\"><em>Impossible de me rendormir&#8230; La tension \u00e9tait trop forte !<br>Je tournais, tournais dans l&rsquo;appartement, du salon \u00e0 la cuisine et de la cuisine au salon\u2026 Alors une petite voix int\u00e9rieure, me dit :<\/em><\/p>\n\n\n\n<p class=\"wp-block-paragraph\"><em>Allume la TV, \u00e7a te fera penser \u00e0 autre chose\u2026<\/em><\/p>\n\n\n\n<p class=\"wp-block-paragraph\"><em>J&rsquo;allume, je zappe un peu et regarde le programme\u2026 Il \u00e9tait 24:00.<\/em><\/p>\n\n\n\n<p class=\"wp-block-paragraph\"><em>Incroyable, le jour de la c\u00e9r\u00e9monie d\u00e9butait tout juste, et sur les chaines fran\u00e7aises il y avait la retransmission d&rsquo;un concert :<\/em><\/p>\n\n\n\n<p class=\"wp-block-paragraph\"><strong><em>Carmina Burana, au festival d&rsquo;Orange.<\/em><\/strong><br><br><em>Je l&rsquo;ai regard\u00e9 jusqu&rsquo;au bout, c&rsquo;\u00e9tait sublime. Une telle \u00e9motion !<\/em><\/p>\n\n\n\n<p class=\"wp-block-paragraph\"><em>Oui, c&rsquo;\u00e9tait elle qui m&rsquo;avait r\u00e9veill\u00e9, incit\u00e9 \u00e0 allumer la TV pour que je me recharge sur une des musiques que j&rsquo;aimais tant, <br>pour me donner de la force\u2026 sa force !<\/em><br><em>et pour pouvoir vivre cette journ\u00e9e pleinement et surtout me dire qu&rsquo;elle serait toujours \u00e0 mes c\u00f4t\u00e9s pour m&rsquo;\u00e9pauler, me soutenir, me porter\u2026<\/em><\/p>\n\n\n\n<p class=\"wp-block-paragraph\"><em>Oui, lors de cette journ\u00e9e il n&rsquo;y aurait qu&rsquo;une trace de pas sur le sable.<\/em><\/p>\n\n\n\n<p class=\"wp-block-paragraph\"><em>\u2026son compagnon.<\/em><\/p>\n\n\n\n<p class=\"wp-block-paragraph\"><em>Merci Gracias<\/em><\/p>\n","protected":false},"excerpt":{"rendered":"<p>28 Juillet 2025, \u00e7a faisait 6 jours qu&rsquo;elle \u00e9tait d\u00e9c\u00e9d\u00e9e, et il me semblait que c&rsquo;\u00e9tait hier. La vid\u00e9o pour la c\u00e9r\u00e9monie du 29 juillet \u00e9tait enfin termin\u00e9e, les textes avaient \u00e9t\u00e9 valid\u00e9s par elle deux mois auparavant et les images, s\u00e9quences vid\u00e9os avaient \u00e9t\u00e9 s\u00e9lectionn\u00e9es en ad\u00e9quation avec les textes. Quand aux chants, musiques&hellip; <a class=\"more-link\" href=\"https:\/\/mercigracias.ch\/PourToutesTesGraces\/?p=367\">Poursuivre la lecture <span class=\"screen-reader-text\">La veille de la c\u00e9r\u00e9monie<\/span><\/a><\/p>\n","protected":false},"author":1,"featured_media":0,"comment_status":"open","ping_status":"closed","sticky":false,"template":"","format":"standard","meta":{"_jetpack_memberships_contains_paid_content":false,"footnotes":""},"categories":[7,5],"tags":[],"class_list":["post-367","post","type-post","status-publish","format-standard","hentry","category-paranormal","category-spiritualite","entry"],"jetpack_featured_media_url":"","jetpack_sharing_enabled":true,"_links":{"self":[{"href":"https:\/\/mercigracias.ch\/PourToutesTesGraces\/index.php?rest_route=\/wp\/v2\/posts\/367","targetHints":{"allow":["GET"]}}],"collection":[{"href":"https:\/\/mercigracias.ch\/PourToutesTesGraces\/index.php?rest_route=\/wp\/v2\/posts"}],"about":[{"href":"https:\/\/mercigracias.ch\/PourToutesTesGraces\/index.php?rest_route=\/wp\/v2\/types\/post"}],"author":[{"embeddable":true,"href":"https:\/\/mercigracias.ch\/PourToutesTesGraces\/index.php?rest_route=\/wp\/v2\/users\/1"}],"replies":[{"embeddable":true,"href":"https:\/\/mercigracias.ch\/PourToutesTesGraces\/index.php?rest_route=%2Fwp%2Fv2%2Fcomments&post=367"}],"version-history":[{"count":6,"href":"https:\/\/mercigracias.ch\/PourToutesTesGraces\/index.php?rest_route=\/wp\/v2\/posts\/367\/revisions"}],"predecessor-version":[{"id":608,"href":"https:\/\/mercigracias.ch\/PourToutesTesGraces\/index.php?rest_route=\/wp\/v2\/posts\/367\/revisions\/608"}],"wp:attachment":[{"href":"https:\/\/mercigracias.ch\/PourToutesTesGraces\/index.php?rest_route=%2Fwp%2Fv2%2Fmedia&parent=367"}],"wp:term":[{"taxonomy":"category","embeddable":true,"href":"https:\/\/mercigracias.ch\/PourToutesTesGraces\/index.php?rest_route=%2Fwp%2Fv2%2Fcategories&post=367"},{"taxonomy":"post_tag","embeddable":true,"href":"https:\/\/mercigracias.ch\/PourToutesTesGraces\/index.php?rest_route=%2Fwp%2Fv2%2Ftags&post=367"}],"curies":[{"name":"wp","href":"https:\/\/api.w.org\/{rel}","templated":true}]}}