{"id":377,"date":"2025-08-24T09:22:03","date_gmt":"2025-08-24T09:22:03","guid":{"rendered":"https:\/\/mercigracias.ch\/PourToutesTesGraces\/?p=377"},"modified":"2026-07-11T09:38:18","modified_gmt":"2026-07-11T09:38:18","slug":"mais-cest-notre-chanson","status":"publish","type":"post","link":"https:\/\/mercigracias.ch\/PourToutesTesGraces\/?p=377","title":{"rendered":"Mais c&rsquo;est notre chanson !"},"content":{"rendered":"\n<p class=\"wp-block-paragraph\"><em>7 Ao\u00fbt 2025<\/em><br><em>\u00c7a faisait 2 semaines qu&rsquo;elle \u00e9tait partie\u2026 La c\u00e9r\u00e9monie avait \u00e9t\u00e9 organis\u00e9e et plus de 100 personnes y avait assist\u00e9. Tout le monde avait appr\u00e9ci\u00e9 la vid\u00e9o que j&rsquo;avais mont\u00e9e qui retra\u00e7ait sa vie et sa personnalit\u00e9. Les mots utilis\u00e9s avait \u00e9t\u00e9 les siens, repris de tant d&rsquo;enregistrements effectu\u00e9s depuis 20 ans, et valid\u00e9s par Elle\u2026<br>Oui, elle \u00e9tait exceptionnelle. <br>Je tournais en rond et La tristesse m&rsquo;envahissait d\u00e8s que je touchais les objets du quotidien que nous partagions\u2026Tant d&rsquo;histoires \u00e0 raconter, tant d&rsquo;\u00e9preuves \u00e0 surmonter, mais tant d&rsquo;Amour v\u00e9cu !<\/em><\/p>\n\n\n\n<p class=\"wp-block-paragraph\"><em>Alors pour tenter de me changer les id\u00e9es, j&rsquo;\u00e9tais parti quelques jours \u00e0 M\u00e9tabief, dans l&rsquo;appartement de vacances de ma m\u00e8re.<br>Comme ma fille devait arriver la semaine suivante pour y passer quelques jours\u2026 j&rsquo;y \u00e9tais all\u00e9 pour pr\u00e9parer sa venue, faire le m\u00e9nage, voir si tout allait bien, et l&rsquo;attendre pour manger tous ensemble une fondue. <br>Je ne leur avais pas encore annonc\u00e9 qu&rsquo;Elle \u00e9tait partie&#8230; Je voulais attendre le 15 Ao\u00fbt pour leur dire, attendre la remise des cendres et le l\u00e2cher de ballons blancs, pr\u00e9vu.<\/em><\/p>\n\n\n\n<p class=\"wp-block-paragraph\"><em>Ce jeudi 7 Ao\u00fbt je suis donc all\u00e9 faire mes derni\u00e8res courses. J&rsquo;avais d\u00e9j\u00e0 achet\u00e9 un caquelon \u00e0 fondue, et cherch\u00e9 le fromage \u00e0 la fruiti\u00e8re mais il restait encore deux trois trucs. Alors je suis all\u00e9 \u00e0 l&rsquo;Intermarch\u00e9 des H\u00f4pitaux Neufs, il me fallait une prise adaptateur Franco-suisse, pour mon ordinateur que j&rsquo;avais oubli\u00e9 de prendre avec moi. <br>Dans les rayons ont entendait la radio qui \u00e9tait retransmise et l&rsquo;ambiance \u00e9tait assez joyeuse, sereine.<\/em><\/p>\n\n\n\n<p class=\"wp-block-paragraph\"><em>Puis tout d&rsquo;un coup j&rsquo;entends une chanson qui passe, \u00ab\u00a0mama mia, oh oh&#8230;\u00a0\u00bb<\/em> <br><em>Mais&#8230; c&rsquo;\u00e9tait notre musique qui passait, ici dans ce coin perdu\u2026? Elle \u00e9tait l\u00e0 et me faisait signe\u2026<\/em><\/p>\n\n\n\n<p class=\"wp-block-paragraph\"><em>Mais Je dois vous raconter, plus en d\u00e9tail\u2026<\/em><br><br><em>Le matin o\u00f9 elle s&rsquo;en est all\u00e9e, je me suis r\u00e9veill\u00e9 vers 6 heures moins le quart alors que j&rsquo;avais mis le r\u00e9veil \u00e0 6:30 pour lui pr\u00e9parer une injection de morphine\u2026 Je dormais \u00e0 ses c\u00f4t\u00e9s, alors je t\u00e2te sa main sous les draps, il me semblait qu&rsquo;elle me r\u00e9pondait en me la serrant un petit peu&#8230; J&rsquo;\u00e9tais rassur\u00e9. Sa respiration \u00e9tait tellement lente, mais comme elle avait le tuyau d&rsquo;oxyg\u00e8ne qui soufflait, il m&rsquo;\u00e9tait difficile de savoir si elle respirait toujours.<\/em><\/p>\n\n\n\n<p class=\"wp-block-paragraph\"><em>A 6:30 avec grand regrets, j&rsquo;ai d\u00fb en convenir, elle \u00e9tait partie&#8230; Grande tristesse.<br>Mais tellement heureux pour elle que \u00e7a se soit pass\u00e9 en douceur.<\/em><\/p>\n\n\n\n<p class=\"wp-block-paragraph\"><em>Aussi \u00e0 8:30 j&rsquo;ai envoy\u00e9 un message \u00e0 la famille et \u00e0 notre ami, un fr\u00e8re franciscain qui \u00e9tait tr\u00e8s proche de la famille\u2026 et l\u00e0 il me raconte qu&rsquo;il s&rsquo;\u00e9tait r\u00e9veill\u00e9e en sursaut \u00e0 5:45\u2026 quelle co\u00efncidence !<br>Oui, Elle \u00e9tait all\u00e9e le voir en partant et elle m&rsquo;avait r\u00e9veill\u00e9 pour que je lui tienne la main une derni\u00e8re fois\u2026<\/em><\/p>\n\n\n\n<p class=\"wp-block-paragraph\"><em>Mais L&rsquo;histoire ne s&rsquo;arr\u00eate pas l\u00e0. Vers 9:00 je lui demande :<br>Alors maintenant, si tu m&rsquo;entends et veux me faire un petit signe de la haut, vas y, mais ne m&rsquo;envoie pas des coccinelles ou un papillon&#8230; Comme on en voit souvent, je ne voudrais pas imaginer quoi que ce soit.<\/em><\/p>\n\n\n\n<p class=\"wp-block-paragraph\"><em>Fais moi un signe bien \u00e0 nous&#8230; !<\/em><\/p>\n\n\n\n<p class=\"wp-block-paragraph\"><em>Un signe dont nous sommes les seuls \u00e0 en connaitre la signification, un signe avec lequel on ne peut pas se tromper. Envoie moi\u2026 et l\u00e0 je me dis :<br>La musique, notre musique ! Oui, Celle ou on dansait&#8230; il y a plus de 20 ans quand on s&rsquo;est connu, celle sur laquelle je suis tomb\u00e9 amoureux de toi. \u00ab\u00a0Ma maia ma ma mia oh oh\u2026\u00a0\u00bb<br>C&rsquo;\u00e9tait une chanson suisse allemande, je crois\u2026 je n&rsquo;arrive jamais \u00e0 me souvenir du titre ni de qui la chantait\u2026<br>Et ce jour l\u00e0, deux semaines apr\u00e8s son d\u00e9part, je l&rsquo;entendais en faisant mes courses, dans un lieu tout \u00e0 fait improbable, alors que \u00e7a faisait bien 17 ans qu&rsquo;on ne l&rsquo;avait plus entendue\u2026<\/em><\/p>\n\n\n\n<p class=\"wp-block-paragraph\"><em>C&rsquo;\u00e9tait clair, elle \u00e9tait l\u00e0. Elle me disait qu&rsquo;elle m&rsquo;accompagnait et qu&rsquo;elle m&rsquo;avait bien entendu en partant\u2026<\/em><\/p>\n\n\n\n<p class=\"wp-block-paragraph\"><em>Merci mon Amour, Merci Gracias\u2026<\/em><\/p>\n","protected":false},"excerpt":{"rendered":"<p>7 Ao\u00fbt 2025\u00c7a faisait 2 semaines qu&rsquo;elle \u00e9tait partie\u2026 La c\u00e9r\u00e9monie avait \u00e9t\u00e9 organis\u00e9e et plus de 100 personnes y avait assist\u00e9. Tout le monde avait appr\u00e9ci\u00e9 la vid\u00e9o que j&rsquo;avais mont\u00e9e qui retra\u00e7ait sa vie et sa personnalit\u00e9. Les mots utilis\u00e9s avait \u00e9t\u00e9 les siens, repris de tant d&rsquo;enregistrements effectu\u00e9s depuis 20 ans, et&hellip; <a class=\"more-link\" href=\"https:\/\/mercigracias.ch\/PourToutesTesGraces\/?p=377\">Poursuivre la lecture <span class=\"screen-reader-text\">Mais c&rsquo;est notre chanson !<\/span><\/a><\/p>\n","protected":false},"author":1,"featured_media":0,"comment_status":"open","ping_status":"closed","sticky":false,"template":"","format":"standard","meta":{"_jetpack_memberships_contains_paid_content":false,"footnotes":""},"categories":[7,5],"tags":[],"class_list":["post-377","post","type-post","status-publish","format-standard","hentry","category-paranormal","category-spiritualite","entry"],"jetpack_featured_media_url":"","jetpack_sharing_enabled":true,"_links":{"self":[{"href":"https:\/\/mercigracias.ch\/PourToutesTesGraces\/index.php?rest_route=\/wp\/v2\/posts\/377","targetHints":{"allow":["GET"]}}],"collection":[{"href":"https:\/\/mercigracias.ch\/PourToutesTesGraces\/index.php?rest_route=\/wp\/v2\/posts"}],"about":[{"href":"https:\/\/mercigracias.ch\/PourToutesTesGraces\/index.php?rest_route=\/wp\/v2\/types\/post"}],"author":[{"embeddable":true,"href":"https:\/\/mercigracias.ch\/PourToutesTesGraces\/index.php?rest_route=\/wp\/v2\/users\/1"}],"replies":[{"embeddable":true,"href":"https:\/\/mercigracias.ch\/PourToutesTesGraces\/index.php?rest_route=%2Fwp%2Fv2%2Fcomments&post=377"}],"version-history":[{"count":7,"href":"https:\/\/mercigracias.ch\/PourToutesTesGraces\/index.php?rest_route=\/wp\/v2\/posts\/377\/revisions"}],"predecessor-version":[{"id":611,"href":"https:\/\/mercigracias.ch\/PourToutesTesGraces\/index.php?rest_route=\/wp\/v2\/posts\/377\/revisions\/611"}],"wp:attachment":[{"href":"https:\/\/mercigracias.ch\/PourToutesTesGraces\/index.php?rest_route=%2Fwp%2Fv2%2Fmedia&parent=377"}],"wp:term":[{"taxonomy":"category","embeddable":true,"href":"https:\/\/mercigracias.ch\/PourToutesTesGraces\/index.php?rest_route=%2Fwp%2Fv2%2Fcategories&post=377"},{"taxonomy":"post_tag","embeddable":true,"href":"https:\/\/mercigracias.ch\/PourToutesTesGraces\/index.php?rest_route=%2Fwp%2Fv2%2Ftags&post=377"}],"curies":[{"name":"wp","href":"https:\/\/api.w.org\/{rel}","templated":true}]}}