{"id":379,"date":"2025-08-24T09:57:59","date_gmt":"2025-08-24T09:57:59","guid":{"rendered":"https:\/\/mercigracias.ch\/PourToutesTesGraces\/?p=379"},"modified":"2026-07-13T05:04:15","modified_gmt":"2026-07-13T05:04:15","slug":"loeillet-rose","status":"publish","type":"post","link":"https:\/\/mercigracias.ch\/PourToutesTesGraces\/?p=379","title":{"rendered":"L&rsquo;oeillet rose&#8230;"},"content":{"rendered":"\n<p class=\"wp-block-paragraph\"><em>Lundi 18 Ao\u00fbt 2025 au petit matin.<\/em><\/p>\n\n\n\n<p class=\"wp-block-paragraph\"><em>\u00c7a faisait exactement 2 jours que nous avions d\u00e9pos\u00e9 ses cendres dans la fosse commune\u2026 <\/em><\/p>\n\n\n\n<p class=\"wp-block-paragraph\">&#8211; <em>Tu as rejoint enfin ton P\u00e8re \u00e0 Beauregard, face au lac et \u00e0 la montagne, l\u00e0 o\u00f9 il avait voulu reposer, tout pr\u00e8s d&rsquo;o\u00f9 tu habitais, il \u00e9tait venu pour ne pas te perdre \u00e0 jamais&#8230;<\/em><\/p>\n\n\n\n<p class=\"wp-block-paragraph\"><em>Vendredi 15 Ao\u00fbt avait \u00e9t\u00e9 choisi car c&rsquo;\u00e9tait l&rsquo;ascension. <br>Cette journ\u00e9e avait \u00e9t\u00e9 magnifique, pleine de spiritualit\u00e9 et d&rsquo;Amour. Toute la famille \u00e9tait all\u00e9e \u00e0 l&#8217;embouchure de la rivi\u00e8re, face au lac, faire un l\u00e2cher d&rsquo;une vingtaine de ballons blancs. <br>Chacun avait \u00e9crit un petit mot, son petit mot, pour lui dire au revoir\u2026<\/em><\/p>\n\n\n\n<p class=\"wp-block-paragraph\"><em>Etrangement, les ballons n&rsquo;\u00e9taient pas partis vers le lac, c&rsquo;\u00e9tait le vent d&rsquo;Est\u2026 alors ils \u00e9taient mont\u00e9s directement dans le ciel, tout l\u00e0-haut vers le soleil.<\/em><\/p>\n\n\n\n<p class=\"wp-block-paragraph\"><em>C&rsquo;\u00e9tait grandiose ! Tous ces ballons qui partaient vers la lumi\u00e8re\u2026 l\u00e0 o\u00f9 elle \u00e9tait.<\/em><\/p>\n\n\n\n<figure class=\"wp-block-image size-large\"><img loading=\"lazy\" decoding=\"async\" width=\"660\" height=\"1024\" src=\"https:\/\/mercigracias.ch\/PourToutesTesGraces\/wp-content\/uploads\/2025\/08\/IMG_8256_new-660x1024.jpg\" alt=\"\" class=\"wp-image-382\" srcset=\"https:\/\/mercigracias.ch\/PourToutesTesGraces\/wp-content\/uploads\/2025\/08\/IMG_8256_new-660x1024.jpg 660w, https:\/\/mercigracias.ch\/PourToutesTesGraces\/wp-content\/uploads\/2025\/08\/IMG_8256_new-194x300.jpg 194w, https:\/\/mercigracias.ch\/PourToutesTesGraces\/wp-content\/uploads\/2025\/08\/IMG_8256_new-768x1191.jpg 768w, https:\/\/mercigracias.ch\/PourToutesTesGraces\/wp-content\/uploads\/2025\/08\/IMG_8256_new.jpg 774w\" sizes=\"auto, (max-width: 660px) 100vw, 660px\" \/><\/figure>\n\n\n\n<p class=\"wp-block-paragraph\"><em>Alors ce lundi 18 Ao\u00fbt, j&rsquo;avais pass\u00e9 une mauvaise nuit. <br>Depuis des jours, mes nuits \u00e9taient entrecoup\u00e9es tant de fois\u2026<br>A chaque cycle de sommeil il me fallait une heure ou plus pour me rendormir\u2026 Quelle gal\u00e8re !<\/em><br><em>Il y avait tellement de choses qui traversaient mon esprit, que j&rsquo;en \u00e9tais tout perturb\u00e9. La veille j&rsquo;avais m\u00eame recherch\u00e9 toute la journ\u00e9e sa deuxi\u00e8me alliance, celle qui avait \u00e9t\u00e9 b\u00e9nie lors de notre fameuse c\u00e9r\u00e9monie en 2012, apr\u00e8s notre pacse\u2026<\/em><\/p>\n\n\n\n<p class=\"wp-block-paragraph\"><em>J&rsquo;avais fouill\u00e9 partout, dans tout l&rsquo;appartement, les tiroirs, les pochettes, les vieux sacs \u00e0 main, les placards les valisettes de voyages, les pochettes de toilettes\u2026 tout y \u00e9tait pass\u00e9. Rien. <br>Bien s\u00fbr j&rsquo;avais retrouv\u00e9 le collier de perles qu&rsquo;Elle mettait pour aller au th\u00e9\u00e2tre ou au concert\u2026 ainsi que le collier en or jaune et blanc. J&rsquo;aimais tant la voir avec\u2026.<\/em><\/p>\n\n\n\n<p class=\"wp-block-paragraph\"><em>J&rsquo;avais bien r\u00e9cup\u00e9r\u00e9 son alliance en rubis, celle qu&rsquo;elle avait constamment au doigt. Je l&rsquo;avais enfil\u00e9e \u00e0 ma chaine autour du cou, avec la m\u00e9daille en argent du Sacr\u00e9 C\u0153ur que j&rsquo;avais trouv\u00e9 en juillet 1987 en sortant de la chapelle pr\u00e8s de Besan\u00e7on\u2026<\/em><\/p>\n\n\n\n<p class=\"wp-block-paragraph\"><em>Mais son alliance, sertie de rubis et de diamants ? <br>Celle que je trouvais magnifique mont\u00e9e sur or blanc, impossible de la retrouver&#8230;<br>Au petit matin, je d\u00e9sesp\u00e9rais. Il devait \u00eatre 7:30, et \u00e7a me travaillait tellement que je m&rsquo;\u00e9tais lev\u00e9. En allant aux toilettes, je regarde une Ni\u00e8me fois dans l&rsquo;armoire de toilettes\u2026 rien, elle ne r\u00e9apparaissait pas\u2026 pas de miracle !<\/em><\/p>\n\n\n\n<p class=\"wp-block-paragraph\"><em>En sortant, je passe devant le meuble blanc du couloir, sur lequel Elle posait ses bougies, les petites statues d&rsquo;anges, et l\u00e0, sur sa grosse boite de m\u00e9dicaments, o\u00f9 on rangeait les pansements et les n\u00e9cessaires de secours, il y avait sa petite boite en c\u00e9ramique blanche en forme de c\u0153ur avec un petit ange sur le couvercle\u2026 <br>Et l\u00e0, je me dis :<\/em><br><em>&#8211; Ah mais je n&rsquo;ai pas regard\u00e9 l\u00e0-dedans\u2026 qui sait\u2026?<\/em><\/p>\n\n\n\n<p class=\"wp-block-paragraph\"><em>Et bien oui, m\u00e9lang\u00e9e avec divers babioles, bagues et boucles d&rsquo;oreilles, elle \u00e9tait l\u00e0\u2026!<\/em><\/p>\n\n\n\n<p class=\"wp-block-paragraph\"><em>Tout heureux je la prends, et entre dans la cuisine. Et l\u00e0 sur le balcon, face \u00e0 la porte fen\u00eatre, la jardini\u00e8re ou poussaient les \u0153illets jaunes, ce matin l\u00e0, comme par magie, un \u0153illet rose avait fleuri, au milieu de tous les jaunes\u2026!<\/em><\/p>\n\n\n\n<figure class=\"wp-block-image size-large\"><img loading=\"lazy\" decoding=\"async\" width=\"758\" height=\"1024\" src=\"https:\/\/mercigracias.ch\/PourToutesTesGraces\/wp-content\/uploads\/2025\/08\/IMG_8236_new-758x1024.jpg\" alt=\"\" class=\"wp-image-381\" srcset=\"https:\/\/mercigracias.ch\/PourToutesTesGraces\/wp-content\/uploads\/2025\/08\/IMG_8236_new-758x1024.jpg 758w, https:\/\/mercigracias.ch\/PourToutesTesGraces\/wp-content\/uploads\/2025\/08\/IMG_8236_new-222x300.jpg 222w, https:\/\/mercigracias.ch\/PourToutesTesGraces\/wp-content\/uploads\/2025\/08\/IMG_8236_new-768x1037.jpg 768w, https:\/\/mercigracias.ch\/PourToutesTesGraces\/wp-content\/uploads\/2025\/08\/IMG_8236_new-1137x1536.jpg 1137w, https:\/\/mercigracias.ch\/PourToutesTesGraces\/wp-content\/uploads\/2025\/08\/IMG_8236_new-1516x2048.jpg 1516w, https:\/\/mercigracias.ch\/PourToutesTesGraces\/wp-content\/uploads\/2025\/08\/IMG_8236_new-1568x2118.jpg 1568w, https:\/\/mercigracias.ch\/PourToutesTesGraces\/wp-content\/uploads\/2025\/08\/IMG_8236_new-scaled.jpg 1895w\" sizes=\"auto, (max-width: 758px) 100vw, 758px\" \/><\/figure>\n\n\n\n<p class=\"wp-block-paragraph\"><br><em>Comment \u00e9tait ce possible sur un pied d&rsquo;\u0153illets jaunes ?<br>Elle qui \u00e9tait toujours habill\u00e9 en rose, en rose framboise, Elle me faisait signe, signe qu&rsquo;Elle \u00e9tait toujours l\u00e0, pr\u00e9sente \u00e0 mes c\u00f4t\u00e9s\u2026<br>Et que c&rsquo;\u00e9tait elle qui m&rsquo;avait fait retrouver son alliance au petit matin\u2026 en me disant tout bas :<br>&#8211; Va regarder l\u00e0-bas\u2026 Elle doit y \u00eatre\u2026<\/em><\/p>\n\n\n\n<p class=\"wp-block-paragraph\"><em>Merci Gracias.<\/em><\/p>\n","protected":false},"excerpt":{"rendered":"<p>Lundi 18 Ao\u00fbt 2025 au petit matin. \u00c7a faisait exactement 2 jours que nous avions d\u00e9pos\u00e9 ses cendres dans la fosse commune\u2026 &#8211; Tu as rejoint enfin ton P\u00e8re \u00e0 Beauregard, face au lac et \u00e0 la montagne, l\u00e0 o\u00f9 il avait voulu reposer, tout pr\u00e8s d&rsquo;o\u00f9 tu habitais, il \u00e9tait venu pour ne pas&hellip; <a class=\"more-link\" href=\"https:\/\/mercigracias.ch\/PourToutesTesGraces\/?p=379\">Poursuivre la lecture <span class=\"screen-reader-text\">L&rsquo;oeillet rose&#8230;<\/span><\/a><\/p>\n","protected":false},"author":1,"featured_media":0,"comment_status":"open","ping_status":"closed","sticky":false,"template":"","format":"standard","meta":{"_jetpack_memberships_contains_paid_content":false,"footnotes":""},"categories":[7,5],"tags":[],"class_list":["post-379","post","type-post","status-publish","format-standard","hentry","category-paranormal","category-spiritualite","entry"],"jetpack_featured_media_url":"","jetpack_sharing_enabled":true,"_links":{"self":[{"href":"https:\/\/mercigracias.ch\/PourToutesTesGraces\/index.php?rest_route=\/wp\/v2\/posts\/379","targetHints":{"allow":["GET"]}}],"collection":[{"href":"https:\/\/mercigracias.ch\/PourToutesTesGraces\/index.php?rest_route=\/wp\/v2\/posts"}],"about":[{"href":"https:\/\/mercigracias.ch\/PourToutesTesGraces\/index.php?rest_route=\/wp\/v2\/types\/post"}],"author":[{"embeddable":true,"href":"https:\/\/mercigracias.ch\/PourToutesTesGraces\/index.php?rest_route=\/wp\/v2\/users\/1"}],"replies":[{"embeddable":true,"href":"https:\/\/mercigracias.ch\/PourToutesTesGraces\/index.php?rest_route=%2Fwp%2Fv2%2Fcomments&post=379"}],"version-history":[{"count":9,"href":"https:\/\/mercigracias.ch\/PourToutesTesGraces\/index.php?rest_route=\/wp\/v2\/posts\/379\/revisions"}],"predecessor-version":[{"id":619,"href":"https:\/\/mercigracias.ch\/PourToutesTesGraces\/index.php?rest_route=\/wp\/v2\/posts\/379\/revisions\/619"}],"wp:attachment":[{"href":"https:\/\/mercigracias.ch\/PourToutesTesGraces\/index.php?rest_route=%2Fwp%2Fv2%2Fmedia&parent=379"}],"wp:term":[{"taxonomy":"category","embeddable":true,"href":"https:\/\/mercigracias.ch\/PourToutesTesGraces\/index.php?rest_route=%2Fwp%2Fv2%2Fcategories&post=379"},{"taxonomy":"post_tag","embeddable":true,"href":"https:\/\/mercigracias.ch\/PourToutesTesGraces\/index.php?rest_route=%2Fwp%2Fv2%2Ftags&post=379"}],"curies":[{"name":"wp","href":"https:\/\/api.w.org\/{rel}","templated":true}]}}