{"id":433,"date":"2025-12-04T09:59:32","date_gmt":"2025-12-04T09:59:32","guid":{"rendered":"https:\/\/mercigracias.ch\/PourToutesTesGraces\/?p=433"},"modified":"2026-07-11T09:52:38","modified_gmt":"2026-07-11T09:52:38","slug":"elle-est-toujours-la-protectrice","status":"publish","type":"post","link":"https:\/\/mercigracias.ch\/PourToutesTesGraces\/?p=433","title":{"rendered":"Elle est toujours l\u00e0, protectrice&#8230;"},"content":{"rendered":"\n<p class=\"wp-block-paragraph\"><em>04 D\u00e9cembre 2025&#8230; Ce matin je d\u00e9jeunais \u00e0 la table de ma cuisine et comme d&rsquo;habitude je lisais le journal sur mon Ipad mini. <br>Abonn\u00e9 aux journaux \u00ab\u00a0Le monde\u00a0\u00bb et \u00ab\u00a0Le Temps\u00a0\u00bb, j&rsquo;y passe bien une heure chaque jour \u00e0 \u00e9plucher les derni\u00e8res nouvelles\u2026<br>Je commence donc \u00e0 regarder le journal \u00ab\u00a0Le Temps\u00a0\u00bb et \u00e0 ma grande surprise il y avait un article sur les \u00e9pid\u00e9mies de grippe qui s\u00e9vissaient de nouveau, et cette ann\u00e9e de mani\u00e8re virulente un peu partout en suisse\u2026<\/em><br><em>D&rsquo;apr\u00e8s eux, ce n&rsquo;\u00e9taient pas une r\u00e9surgence du covid19, mais bien d&rsquo;une nouvelle mutation de la grippe saisonni\u00e8re qui arrivait un peu en avance par rapport aux autres ann\u00e9es\u2026 Sans doute \u00e0 cause de cette m\u00e9t\u00e9o maussade\u2026<\/em><\/p>\n\n\n\n<p class=\"has-extra-large-font-size wp-block-paragraph\">7:53<\/p>\n\n\n\n<p class=\"wp-block-paragraph\"><em>M&rsquo;inqui\u00e9tant pour la famille, je m&#8217;empresse d&rsquo;enregistrer l&rsquo;article en vid\u00e9o et de l&rsquo;envoyer par WhatsApp \u00e0 ses 2 enfants et \u00e0 mon fr\u00e8re, pour les pr\u00e9venir de reprendre les mesures de protection\u2026 masque et gel d\u00e9sinfectant habituels\u2026<\/em><\/p>\n\n\n\n<p class=\"has-extra-large-font-size wp-block-paragraph\">8:17<\/p>\n\n\n\n<p class=\"wp-block-paragraph\">Son Fils me r\u00e9pond en disant :<br>&#8211; Je suis extr\u00eamement mal\u2026<\/p>\n\n\n\n<p class=\"wp-block-paragraph\" style=\"font-style:italic;font-weight:400\">&#8211; De la grippe ?<\/p>\n\n\n\n<p class=\"wp-block-paragraph\" style=\"line-height:1.6\">&#8211; Grippe et naus\u00e9es\u2026L&rsquo;horreur !&#8230; J&rsquo;ai vomi toute la nuit. \u00c7a me br\u00fble l&rsquo;\u0153sophage\u2026<\/p>\n\n\n\n<p class=\"wp-block-paragraph\" style=\"font-style:italic;font-weight:400\">&#8211; Ah ce n&rsquo;\u00e9tait pas une gastro, c&rsquo;\u00e9tait la grippe\u2026 T&rsquo;as vu un m\u00e9decin ?<\/p>\n\n\n\n<p class=\"wp-block-paragraph\">&#8211; Je sais pas quoi prendre, je n&rsquo;arrive rien \u00e0 manger\u2026 <br>Non, je suis trop mal pour sortir l\u00e0\u2026<\/p>\n\n\n\n<p class=\"has-extra-large-font-size wp-block-paragraph\">8:20<\/p>\n\n\n\n<p class=\"wp-block-paragraph\" style=\"font-style:italic;font-weight:400\">&#8211; Ton m\u00e9decin ne se d\u00e9place pas ?<br>(A ce moment une pens\u00e9e fugace me vient \u00e0 l&rsquo;esprit\u2026 : il faudrait t\u00e9l\u00e9phoner au m\u00e9decin naturopathe de sa m\u00e8re, ma tendre et ch\u00e8re&#8230; Elle  venait la consulter \u00e0 domicile\u2026)<br>Fi\u00e8vre ?<\/p>\n\n\n\n<p class=\"wp-block-paragraph\">&#8211; Oui<\/p>\n\n\n\n<p class=\"wp-block-paragraph\" style=\"font-style:italic;font-weight:400\">&#8211; Doliprane 1000, 3xjour<\/p>\n\n\n\n<p class=\"wp-block-paragraph\">&#8211; Je vais manger des bananes. \u00c7a me fait vomir le Doliprane&#8230;<\/p>\n\n\n\n<p class=\"wp-block-paragraph\" style=\"font-style:italic;font-weight:400\">&#8211; R\u00e9essaye\u2026 par petites gorg\u00e9es s&rsquo;ils sont effervescents&#8230;<\/p>\n\n\n\n<p class=\"wp-block-paragraph\">&#8211; Je vais voir, ok&#8230; Merci. Mais fais bien attention \u00e0 toi !<\/p>\n\n\n\n<p class=\"wp-block-paragraph\" style=\"font-style:italic;font-weight:400\">&#8211; Oui, masque et alcool\u2026 Combien ta fi\u00e8vre ?<\/p>\n\n\n\n<p class=\"wp-block-paragraph\">&#8211; 38,7 il devait d\u00e9conner\u2026<\/p>\n\n\n\n<p class=\"wp-block-paragraph\" style=\"font-style:italic;font-weight:400\">&#8211; Sans doute que non\u2026<\/p>\n\n\n\n<p class=\"wp-block-paragraph\">&#8211; Je te redonne des nouvelles, si \u00e7a continue, demain j&rsquo;irai \u00e0 l&rsquo;h\u00f4pital&#8230;<\/p>\n\n\n\n<p class=\"wp-block-paragraph\" style=\"font-style:italic;font-weight:400\">&#8211; Peut-\u00eatre m\u00eame cet apr\u00e8s midi ?<\/p>\n\n\n\n<p class=\"wp-block-paragraph\">&#8211; Je pr\u00e9f\u00e8re me reposer\u2026<\/p>\n\n\n\n<p class=\"has-extra-large-font-size wp-block-paragraph\">8:26<\/p>\n\n\n\n<p class=\"wp-block-paragraph\" style=\"font-style:italic;font-weight:400\">&#8211; Tu me redis, sinon c&rsquo;est moi qui t&#8217;emm\u00e8ne cet apr\u00e8s midi\u2026<br>En attendant : Vitamine C et Neocitran\u2026<\/p>\n\n\n\n<p class=\"has-extra-large-font-size wp-block-paragraph\">8:28<\/p>\n\n\n\n<p class=\"wp-block-paragraph\">&#8211; <em>et Pastilles \u00e0 sucer, miel\u2026 t&rsquo;en as ?<\/em><\/p>\n\n\n\n<p class=\"has-extra-large-font-size wp-block-paragraph\">8:29<\/p>\n\n\n\n<p class=\"wp-block-paragraph\">&#8211; J&rsquo;ai eu le m\u00e9decin de Maman, qui vient de m&rsquo;appeler\u2026 <br>Quel pur hasard !&#8230; Elle va me faire une ordonnance, la pharmacie m&rsquo;apportera les m\u00e9dicaments cet apr\u00e8s midi !<\/p>\n\n\n\n<p class=\"wp-block-paragraph\" style=\"font-style:italic;font-weight:400\">&#8211; C&rsquo;est Elle\u2026<\/p>\n\n\n\n<p class=\"wp-block-paragraph\">&#8211; Oui c&rsquo;est maman !&#8230; Oui, je n&rsquo;en reviens pas, Je n&rsquo;en reviens pas que son m\u00e9decin m&rsquo;ait appel\u00e9\u2026<\/p>\n\n\n\n<p class=\"wp-block-paragraph\" style=\"font-style:italic;font-weight:400\">&#8211; Oui, elle m&rsquo;a aussi fait penser \u00e0 son m\u00e9decin, pour que je l&rsquo;appelle\u2026et comme je n&rsquo;avais pas fait, elle s&rsquo;est directement adress\u00e9e \u00e0 son m\u00e9decin pour lui dire de t&rsquo;appeler\u2026<\/p>\n\n\n\n<p class=\"wp-block-paragraph\" style=\"font-style:italic;font-weight:400\">(Elle n&rsquo;a pas attendu longtemps\u2026 moins de 9 minutes qu&rsquo;il a fallu pour que son m\u00e9decin intervienne\u2026 C&rsquo;est plus rapide que de t\u00e9l\u00e9phoner aux urgences\u2026)<\/p>\n\n\n\n<p class=\"wp-block-paragraph\" style=\"font-style:italic;font-weight:400\">&#8211; Elle est toujours \u00e0 tes c\u00f4t\u00e9s et si \u00e7a ne va pas, elle est l\u00e0\u2026 son Amour est tellement grand\u2026<\/p>\n","protected":false},"excerpt":{"rendered":"<p>04 D\u00e9cembre 2025&#8230; Ce matin je d\u00e9jeunais \u00e0 la table de ma cuisine et comme d&rsquo;habitude je lisais le journal sur mon Ipad mini. Abonn\u00e9 aux journaux \u00ab\u00a0Le monde\u00a0\u00bb et \u00ab\u00a0Le Temps\u00a0\u00bb, j&rsquo;y passe bien une heure chaque jour \u00e0 \u00e9plucher les derni\u00e8res nouvelles\u2026Je commence donc \u00e0 regarder le journal \u00ab\u00a0Le Temps\u00a0\u00bb et \u00e0 ma&hellip; <a class=\"more-link\" href=\"https:\/\/mercigracias.ch\/PourToutesTesGraces\/?p=433\">Poursuivre la lecture <span class=\"screen-reader-text\">Elle est toujours l\u00e0, protectrice&#8230;<\/span><\/a><\/p>\n","protected":false},"author":1,"featured_media":0,"comment_status":"open","ping_status":"closed","sticky":false,"template":"","format":"standard","meta":{"_jetpack_memberships_contains_paid_content":false,"footnotes":""},"categories":[7,5],"tags":[],"class_list":["post-433","post","type-post","status-publish","format-standard","hentry","category-paranormal","category-spiritualite","entry"],"jetpack_featured_media_url":"","jetpack_sharing_enabled":true,"_links":{"self":[{"href":"https:\/\/mercigracias.ch\/PourToutesTesGraces\/index.php?rest_route=\/wp\/v2\/posts\/433","targetHints":{"allow":["GET"]}}],"collection":[{"href":"https:\/\/mercigracias.ch\/PourToutesTesGraces\/index.php?rest_route=\/wp\/v2\/posts"}],"about":[{"href":"https:\/\/mercigracias.ch\/PourToutesTesGraces\/index.php?rest_route=\/wp\/v2\/types\/post"}],"author":[{"embeddable":true,"href":"https:\/\/mercigracias.ch\/PourToutesTesGraces\/index.php?rest_route=\/wp\/v2\/users\/1"}],"replies":[{"embeddable":true,"href":"https:\/\/mercigracias.ch\/PourToutesTesGraces\/index.php?rest_route=%2Fwp%2Fv2%2Fcomments&post=433"}],"version-history":[{"count":9,"href":"https:\/\/mercigracias.ch\/PourToutesTesGraces\/index.php?rest_route=\/wp\/v2\/posts\/433\/revisions"}],"predecessor-version":[{"id":615,"href":"https:\/\/mercigracias.ch\/PourToutesTesGraces\/index.php?rest_route=\/wp\/v2\/posts\/433\/revisions\/615"}],"wp:attachment":[{"href":"https:\/\/mercigracias.ch\/PourToutesTesGraces\/index.php?rest_route=%2Fwp%2Fv2%2Fmedia&parent=433"}],"wp:term":[{"taxonomy":"category","embeddable":true,"href":"https:\/\/mercigracias.ch\/PourToutesTesGraces\/index.php?rest_route=%2Fwp%2Fv2%2Fcategories&post=433"},{"taxonomy":"post_tag","embeddable":true,"href":"https:\/\/mercigracias.ch\/PourToutesTesGraces\/index.php?rest_route=%2Fwp%2Fv2%2Ftags&post=433"}],"curies":[{"name":"wp","href":"https:\/\/api.w.org\/{rel}","templated":true}]}}