{"id":453,"date":"2026-01-01T11:06:56","date_gmt":"2026-01-01T11:06:56","guid":{"rendered":"https:\/\/mercigracias.ch\/PourToutesTesGraces\/?p=453"},"modified":"2026-01-01T11:06:56","modified_gmt":"2026-01-01T11:06:56","slug":"mon-frere","status":"publish","type":"post","link":"https:\/\/mercigracias.ch\/PourToutesTesGraces\/?p=453","title":{"rendered":"Mon fr\u00e8re&#8230;"},"content":{"rendered":"\n<p class=\"wp-block-paragraph\"><em>C&rsquo;\u00e9tait en 2012, en mai.<\/em><\/p>\n\n\n\n<p class=\"wp-block-paragraph\"><em>Oui, un fr\u00e8re c&rsquo;est quelque chose, m\u00eame s&rsquo;il y eu des disputes et de p\u00e9riodes de s\u00e9parations, souvent \u00e0 cause de nos femmes et des belles s\u0153urs, pas trop g\u00e9n\u00e9reuses et qui s&rsquo;occupent surtout de ce qui ne les regardent pas\u2026<br>Mais \u00e7a n&rsquo;enl\u00e8ve en rien, nos r\u00e9actions parfois trop fortes&#8230;Nos rejets, qu&rsquo;on regrette par la suite, et qui ont caus\u00e9 ces distances&#8230;<\/em><\/p>\n\n\n\n<p class=\"wp-block-paragraph\"><em>Je ne savais pas que mon fr\u00e8re m&rsquo;aimait autant, derri\u00e8re tout \u00e7a\u2026et il venu me le dire apr\u00e8s son d\u00e9c\u00e8s, le lendemain soir\u2026<br>L&rsquo;\u00e9v\u00e8nement qui s&rsquo;est pass\u00e9 n&rsquo;\u00e9tait pas anodin\u2026il faisait nuit je regardais la tv, et un \u00e9norme scarab\u00e9e est venu se fracasser sur les carreaux de ma fen\u00eatre\u2026 toc toc\u2026<\/em><\/p>\n\n\n\n<p class=\"wp-block-paragraph\"><em>Intrigu\u00e9, j&rsquo;y suis all\u00e9 voir\u2026et l\u00e0, tomb\u00e9 par terre entre deux planches, un lucane m\u00e2le, gisait sur le dos, et tentait de se redresser\u2026<\/em><\/p>\n\n\n\n<p class=\"wp-block-paragraph\"><em>J&rsquo;ai tout de suite compris que c&rsquo;\u00e9tait lui qui me faisait signe\u2026<\/em><\/p>\n\n\n\n<p class=\"wp-block-paragraph\"><em>Car enfant nous collectionnions ensemble les insectes, il \u00e9levait des chenilles, des phasmes et nous chassions tout ce que nous trouvions&#8230; <br>Nous les asphyxions, puis il les piquaient avec des aiguilles\u2026<br>Nous avions presque tous les insectes et papillons, m\u00eame les rares, et ceux de nuit\u2026m\u00eame la lucane femelle, celle qui n&rsquo;a pas de cornes&#8230; <\/em><\/p>\n\n\n\n<p class=\"wp-block-paragraph\"><em>Mais le m\u00e2le avec ses cornes majestueuses\u2026restait introuvable !<br>Nous ne l&rsquo;avions pas\u2026<\/em><\/p>\n\n\n\n<p class=\"wp-block-paragraph\"><em>Et ce soir l\u00e0, ce lucane m\u00e2le venait me faire toc toc \u2026<br>Juste pour me dire qu&rsquo;il \u00e9tait vivant\u2026<\/em><\/p>\n\n\n\n<p class=\"wp-block-paragraph\"><em>Un geste d&rsquo;Amour&#8230;<\/em><\/p>\n\n\n\n<p class=\"wp-block-paragraph\"><em>Merci \u00e0 toi, Mon fr\u00e8re&#8230;Merci Gracias<\/em><\/p>\n\n\n\n<p class=\"wp-block-paragraph\"><\/p>\n\n\n\n<p class=\"wp-block-paragraph\"><\/p>\n","protected":false},"excerpt":{"rendered":"<p>C&rsquo;\u00e9tait en 2012, en mai. Oui, un fr\u00e8re c&rsquo;est quelque chose, m\u00eame s&rsquo;il y eu des disputes et de p\u00e9riodes de s\u00e9parations, souvent \u00e0 cause de nos femmes et des belles s\u0153urs, pas trop g\u00e9n\u00e9reuses et qui s&rsquo;occupent surtout de ce qui ne les regardent pas\u2026Mais \u00e7a n&rsquo;enl\u00e8ve en rien, nos r\u00e9actions parfois trop fortes&#8230;Nos&hellip; <a class=\"more-link\" href=\"https:\/\/mercigracias.ch\/PourToutesTesGraces\/?p=453\">Poursuivre la lecture <span class=\"screen-reader-text\">Mon fr\u00e8re&#8230;<\/span><\/a><\/p>\n","protected":false},"author":1,"featured_media":0,"comment_status":"open","ping_status":"closed","sticky":false,"template":"","format":"standard","meta":{"_jetpack_memberships_contains_paid_content":false,"footnotes":""},"categories":[1],"tags":[],"class_list":["post-453","post","type-post","status-publish","format-standard","hentry","category-uncategorized","entry"],"jetpack_featured_media_url":"","jetpack_sharing_enabled":true,"_links":{"self":[{"href":"https:\/\/mercigracias.ch\/PourToutesTesGraces\/index.php?rest_route=\/wp\/v2\/posts\/453","targetHints":{"allow":["GET"]}}],"collection":[{"href":"https:\/\/mercigracias.ch\/PourToutesTesGraces\/index.php?rest_route=\/wp\/v2\/posts"}],"about":[{"href":"https:\/\/mercigracias.ch\/PourToutesTesGraces\/index.php?rest_route=\/wp\/v2\/types\/post"}],"author":[{"embeddable":true,"href":"https:\/\/mercigracias.ch\/PourToutesTesGraces\/index.php?rest_route=\/wp\/v2\/users\/1"}],"replies":[{"embeddable":true,"href":"https:\/\/mercigracias.ch\/PourToutesTesGraces\/index.php?rest_route=%2Fwp%2Fv2%2Fcomments&post=453"}],"version-history":[{"count":1,"href":"https:\/\/mercigracias.ch\/PourToutesTesGraces\/index.php?rest_route=\/wp\/v2\/posts\/453\/revisions"}],"predecessor-version":[{"id":454,"href":"https:\/\/mercigracias.ch\/PourToutesTesGraces\/index.php?rest_route=\/wp\/v2\/posts\/453\/revisions\/454"}],"wp:attachment":[{"href":"https:\/\/mercigracias.ch\/PourToutesTesGraces\/index.php?rest_route=%2Fwp%2Fv2%2Fmedia&parent=453"}],"wp:term":[{"taxonomy":"category","embeddable":true,"href":"https:\/\/mercigracias.ch\/PourToutesTesGraces\/index.php?rest_route=%2Fwp%2Fv2%2Fcategories&post=453"},{"taxonomy":"post_tag","embeddable":true,"href":"https:\/\/mercigracias.ch\/PourToutesTesGraces\/index.php?rest_route=%2Fwp%2Fv2%2Ftags&post=453"}],"curies":[{"name":"wp","href":"https:\/\/api.w.org\/{rel}","templated":true}]}}