{"id":467,"date":"2026-02-04T13:34:01","date_gmt":"2026-02-04T13:34:01","guid":{"rendered":"https:\/\/mercigracias.ch\/PourToutesTesGraces\/?p=467"},"modified":"2026-07-11T10:04:16","modified_gmt":"2026-07-11T10:04:16","slug":"ma-ma-mia","status":"publish","type":"post","link":"https:\/\/mercigracias.ch\/PourToutesTesGraces\/?p=467","title":{"rendered":"Ma Ma mia"},"content":{"rendered":"\n<p class=\"wp-block-paragraph\"><em>29 Janvier 2026&#8230; 6 mois sont pass\u00e9s. Chaque jour j&rsquo;\u00e9coute les enregistrements que nous avions faits ensemble, les tape, les trie puis les retranscris sur le site<\/em> . <a href=\"https:\/\/mercigracias.ch\/\">https:\/\/mercigracias.ch\/<\/a><\/p>\n\n\n\n<p class=\"wp-block-paragraph\"><em>Par moment les \u00e9motions m&#8217;emportent devant toutes les \u00e9preuves auxquelles elle a \u00e9t\u00e9 confront\u00e9e&#8230; Quelle tristesse, mais quelle force, elle \u00e9tait vraiment extraordinaire.<\/em><\/p>\n\n\n\n<p class=\"wp-block-paragraph\"><em>Par moment je prie, pour avoir la force de continuer, de conserver tous ses mots, et l&rsquo;essence m\u00eame de ses messages, de ne pas retranscrire quoi que ce soit. De rester fid\u00e8le \u00e0 ce qu&rsquo;elle exprimait, d&rsquo;\u00eatre son t\u00e9moin, le t\u00e9moin de sa force, de ses recherches, de son amour pour les autres.<\/em><\/p>\n\n\n\n<p class=\"wp-block-paragraph\"><em>Oh ma tendre&#8230; Bien s\u00fbr que je lui demande son aide, qu&rsquo;elle me guide, qu&rsquo;elle m&rsquo;aide \u00e0 comprendre certains mots parfois inaudibles tant il y a de bruits adjacents aux enregistrements pris sur le vif.<br>Ces enregistrements pris un peu partout, au restaurant, \u00e0 la plage, toutes ces 10 \u00e0 15 derni\u00e8res ann\u00e9es&#8230;<\/em><\/p>\n\n\n\n<p class=\"wp-block-paragraph\"><em>En esp\u00e9rant que ces enfants pourront aller \u00e0 sa rencontre et mieux la comprendre, se souvenir de leur maman, et s&rsquo;ils arrivent un jour&#8230; \u00e0 trouver la force d&rsquo;\u00e9couter sa voix, pour mieux suivre sa voie.<\/em><\/p>\n\n\n\n<p class=\"wp-block-paragraph\"><em>Oh Chouchou&#8230; Depuis ton d\u00e9part, je t&rsquo;entends me parler, me r\u00e9pondre, me guider&#8230; mais je me demande toujours si c&rsquo;est mon propre esprit qui les cr\u00e9e ou le tien qui me les envoie, ces paroles, ces gestes et ces messages de douceurs&#8230;<\/em><\/p>\n\n\n\n<p class=\"wp-block-paragraph\"><em>Je t&rsquo;en prie&#8230; Envoie moi encore un signe, car depuis 6 mois, plus rien de r\u00e9el ne m&rsquo;est apparu, ou je n&rsquo;ai rien vu&#8230; Avec ma m\u00e9moire de crotte, tu sais que j&rsquo;ai toujours \u00e9t\u00e9 incapable de r\u00e9p\u00e9ter quoique ce soit, des phrases, des airs, de fredonner un air de musique, une chanson, un po\u00e8me&#8230; Je ne me souviens m\u00eame plus de l&rsquo;air de nos deux musiques pr\u00e9f\u00e9r\u00e9es sur lesquelles nous aimions tant danser en 2003-2004, m\u00eame pas celle que tu m&rsquo;avais fait r\u00e9entendre d\u00e9but Ao\u00fbt 2025&#8230;<\/em><\/p>\n\n\n\n<p class=\"wp-block-paragraph\"><em>S&rsquo;il te plait, envoie moi encore notre musique&#8230; ou un message que je sache que tu m&rsquo;accompagnes toujours, que je sache que c&rsquo;est bien toi, que ce n&rsquo;est pas mon imagination qui d\u00e9faille&#8230;<\/em><\/p>\n\n\n\n<p class=\"wp-block-paragraph\"><em>Dimanche 1er F\u00e9vrier 2026 en fin d&rsquo;apr\u00e8s midi, ayant mal au dos \u00e0 force de taper sur l&rsquo;ordi, je me d\u00e9cide de faire un peu de cuisine, pour \u00eatre debout et d\u00e9tendre mes tensions musculaires&#8230;<\/em> <br><em>Ok, Lundi il va falloir que je reprenne rendez-vous chez mon chiro&#8230;!<\/em><\/p>\n\n\n\n<p class=\"wp-block-paragraph\"><em>Mais cette fois je me dis : <\/em><br>&#8211; <em>Allez \u00e9coute un peu de musique&#8230; tu as le temps, tu n&rsquo;es pas \u00e0 te concentrer sur des textes ou des fichiers audios, alors vas y&#8230; Mais ne met pas tes musiques !<br>Je n&rsquo;y arrive plus&#8230; la plupart me font pleurer d\u00e8s que j&rsquo;entends trois notes&#8230; Moi qui adorais \u00e9couter tous mes CDs&#8230; Depuis tant de semaines, des mois, je ne peux plus \u00e9couter de musique, tellement elles m&#8217;emportent&#8230;<\/em><\/p>\n\n\n\n<p class=\"wp-block-paragraph\"><em>Alors j&rsquo;allume la TV&#8230; mais pas non plus les enregistrements sauvegard\u00e9s sur Blue TV, je les connais tellement&#8230; Alors, je mets le programme des clips de musique, sur CARAC-1, et je commence ma cuisine&#8230;<\/em><\/p>\n\n\n\n<p class=\"wp-block-paragraph\"><em>Au bout de la deuxi\u00e8me ou la troisi\u00e8me chanson, je rel\u00e8ve la t\u00eate&#8230; mais c&rsquo;est notre chanson !?&#8230;<\/em><br><em>Enfin pas tout \u00e0 fait&#8230; \u00e7a devait \u00eatre une reprise mais c&rsquo;\u00e9tait l&rsquo;air&#8230;<\/em><\/p>\n\n\n\n<p class=\"wp-block-paragraph\"><em>Ma ma mia&#8230;<\/em><\/p>\n\n\n\n<p class=\"wp-block-paragraph\"><em>Vite, je remets en arri\u00e8re, et prends une photo des r\u00e9f\u00e9rences&#8230;<\/em><\/p>\n\n\n\n<figure class=\"wp-block-image size-large\"><img loading=\"lazy\" decoding=\"async\" width=\"1024\" height=\"632\" src=\"https:\/\/mercigracias.ch\/PourToutesTesGraces\/wp-content\/uploads\/2026\/02\/DavidGuetta-1024x632.jpg\" alt=\"\" class=\"wp-image-469\" srcset=\"https:\/\/mercigracias.ch\/PourToutesTesGraces\/wp-content\/uploads\/2026\/02\/DavidGuetta-1024x632.jpg 1024w, https:\/\/mercigracias.ch\/PourToutesTesGraces\/wp-content\/uploads\/2026\/02\/DavidGuetta-300x185.jpg 300w, https:\/\/mercigracias.ch\/PourToutesTesGraces\/wp-content\/uploads\/2026\/02\/DavidGuetta-768x474.jpg 768w, https:\/\/mercigracias.ch\/PourToutesTesGraces\/wp-content\/uploads\/2026\/02\/DavidGuetta-1536x947.jpg 1536w, https:\/\/mercigracias.ch\/PourToutesTesGraces\/wp-content\/uploads\/2026\/02\/DavidGuetta-1568x967.jpg 1568w, https:\/\/mercigracias.ch\/PourToutesTesGraces\/wp-content\/uploads\/2026\/02\/DavidGuetta.jpg 1988w\" sizes=\"auto, (max-width: 1024px) 100vw, 1024px\" \/><\/figure>\n\n\n\n<p class=\"wp-block-paragraph\"><em>Incroyable, Ele me refaisait signe&#8230; et non seulement \u00e7a, elle me transmettait le titre de cette chanson que nous n&rsquo;avions jamais pu conna\u00eetre ni l&rsquo;un ni l&rsquo;autre&#8230; Nous ne l&rsquo;avions entendu qu&rsquo;en 2003 2004, o\u00f9 nous avions \u00e9t\u00e9 danser quelques fois \u00e0 \u00ab\u00a0La ferme\u00a0\u00bb dans cette petite boite de nuit&#8230; Nous n&rsquo;y restions pas trop tard, juste pour nous \u00e9vader l&rsquo;espace d&rsquo;un moment&#8230;<\/em><\/p>\n\n\n\n<p class=\"wp-block-paragraph\"><em>Le lendemain, je me dis : <\/em><br>&#8211; <em>Il faut que je cherche sur internet, pour trouver l&rsquo;originale&#8230; Et je l&rsquo;ai trouv\u00e9e&#8230;<\/em><\/p>\n\n\n\n<p class=\"wp-block-paragraph\"><em>Et oui, c&rsquo;\u00e9tait bien en 2003-2004, elle \u00e9tait au Hit parade&#8230;<\/em><\/p>\n\n\n\n<div class=\"wp-block-group is-nowrap is-layout-flex wp-container-core-group-is-layout-8f761849 wp-block-group-is-layout-flex\">\n<figure class=\"wp-block-video\"><video height=\"480\" style=\"aspect-ratio: 856 \/ 480;\" width=\"856\" controls poster=\"https:\/\/mercigracias.ch\/PourToutesTesGraces\/wp-content\/uploads\/2026\/02\/Haiducii_2.jpg\" src=\"https:\/\/mercigracias.ch\/PourToutesTesGraces\/wp-content\/uploads\/2026\/02\/Haiducii-Dragostea-din-tei-Extrait.mp4\"><\/video><figcaption class=\"wp-element-caption\">Originale : <a href=\"https:\/\/www.youtube.com\/watch?v=MhuTaD-B4qs\">https:\/\/www.youtube.com\/watch?v=MhuTaD-B4qs<\/a><\/figcaption><\/figure>\n<\/div>\n\n\n\n<p class=\"wp-block-paragraph\"><em>Son Amour \u00e9tait tellement grand, qu&rsquo;elle \u00e9tait repass\u00e9e encore cette fois pour me dire&#8230; Oui, tiens bon, je suis bien l\u00e0&#8230; et maintenant tu pourras la r\u00e9\u00e9couter pour reprendre des forces&#8230; et nous pourrons continuer de danser ensemble !<\/em><\/p>\n\n\n\n<p class=\"wp-block-paragraph\"><em>En t\u00e9l\u00e9chargeant la musique et en regardant les paroles pour \u00e9crire ce texte, j&rsquo;ai compris que cette chanson, c&rsquo;\u00e9tait bien la n\u00f4tre&#8230; la sienne, elle ne pouvait pas \u00eatre plus proche d&rsquo;elle, de nous&#8230;<\/em><\/p>\n\n\n\n<p class=\"wp-block-paragraph\"><em>Tout se recoupait !<\/em><\/p>\n\n\n\n<p class=\"wp-block-paragraph\"><em>Elle qui aimait tellement les tilleuls&#8230; <\/em><a href=\"https:\/\/mercigracias.ch\/?page_id=732\">https:\/\/mercigracias.ch\/?page_id=732<\/a><\/p>\n\n\n\n<p class=\"wp-block-paragraph\"><em>Voici les paroles :<\/em><br><\/p>\n\n\n\n<h2 class=\"wp-block-heading has-text-color has-link-color wp-elements-1\" style=\"color:#b0fa8c\">Dragostea Din Tei<\/h2>\n\n\n\n<p class=\"wp-block-paragraph\"><em>(L&rsquo;amour Sous Un Tilleul)<\/em><\/p>\n\n\n\n<p class=\"has-text-color has-link-color wp-elements-2 wp-block-paragraph\" style=\"color:#b0fa8c\">Ma-ia-hii, ma-ia-huu Ma-ia-hoo, ma-ia-haa Ma-ia-hii, ma-ia-huu Ma-ia-hoo, ma-ia-haa Ma-ia-hii, ma-ia-huu Ma-ia-hoo, ma-ia-haa Ma-ia-hii, ma-ia-huu Ma-ia-hoo, ma-ia-haa<\/p>\n\n\n\n<p class=\"wp-block-paragraph\"><em>Ma-ia-hii, ma-ia-huu Ma-ia-hoo, ma-ia-haa Ma-ia-hii, ma-ia-huu Ma-ia-hoo, ma-ia-haa Ma-ia-hii, ma-ia-huu Ma-ia-hoo, ma-ia-haa Ma-ia-hii, ma-ia-huu Ma-ia-hoo, ma-ia-haa<\/em><\/p>\n\n\n\n<p class=\"has-text-color has-link-color wp-elements-3 wp-block-paragraph\" style=\"color:#b0fa8c\">Alo, salut, sunt eu un haiduc Si te rog iubirea mea primeste fericirea Alo, alo, sunt eu, Picasso Ti-am dat beep si sunt voinic Dar sa stii nu-ti cer nimic<\/p>\n\n\n\n<p class=\"wp-block-paragraph\"><em>Bonjour, bonjour, je suis un hors-la-loi Et s&rsquo;il te pla\u00eet, mon amour, re\u00e7ois le bonheur Bonjour, bonjour, c&rsquo;est moi, Picasso Je t&rsquo;ai bip\u00e9 et je suis pr\u00eat Mais tu sais que je ne te demande rien<\/em><\/p>\n\n\n\n<p class=\"has-text-color has-link-color wp-elements-4 wp-block-paragraph\" style=\"color:#b0fa8c\">Vrei sa pleci dar nu ma nu ma iei Nu ma nu ma iei, nu ma nu ma nu ma iei Chipul tau si dragostea din tei Mi-amintesc de ochii tai Vrei sa pleci dar nu ma nu ma iei Nu ma nu ma iei, nu ma nu ma nu ma iei Chipul tau si dragostea din tei Mi-amintesc de ochii tai<\/p>\n\n\n\n<p class=\"wp-block-paragraph\"><em>Tu veux partir mais tu ne me prends pas Ne me prends pas, ne me prends pas, ne me prends pas Ton visage et ton amour des tilleuls Je me souviens de tes yeux Tu veux partir mais tu ne me prends pas Ne me prends pas, ne me prends pas, ne me prends pas Ton visage et ton amour des tilleuls Je me souviens de tes yeux<\/em> <\/p>\n\n\n\n<p class=\"has-text-color has-link-color wp-elements-5 wp-block-paragraph\" style=\"color:#b0fa8c\">Te sun sa-ti spun ce simt acum Alo, iubirea mea sunt eu fericirea Alo, alo, sunt iarasi eu, Picasso Ti-am dat beep si sunt voinic Dar sa stii nu-ti cer nimic<\/p>\n\n\n\n<p class=\"wp-block-paragraph\"><em>Je t&rsquo;appelle pour te dire ce que je ressens maintenant Bonjour mon amour, je suis le bonheur Bonjour, bonjour, c&rsquo;est encore moi, Picasso Je t&rsquo;ai bip\u00e9 et je suis pr\u00eat Mais tu sais que je ne te demande rien<\/em><\/p>\n\n\n\n<p class=\"has-text-color has-link-color wp-elements-6 wp-block-paragraph\" style=\"color:#b0fa8c\">Vrei sa pleci dar nu ma nu ma iei Nu ma nu ma iei, nu ma nu ma nu ma iei Chipul tau si dragostea din tei Mi-amintesc de ochii tai Vrei sa pleci dar nu ma nu ma iei Nu ma nu ma iei, nu ma nu ma nu ma iei Chipul tau si dragostea din tei Mi-amintesc de ochii tai<\/p>\n\n\n\n<p class=\"wp-block-paragraph\"><em>Tu veux partir mais tu ne me prends pas Ne me prends pas, ne me prends pas, ne me prends pas Ton visage et ton amour des tilleuls Je me souviens de tes yeux Tu veux partir mais tu ne me prends pas Ne me prends pas, ne me prends pas, ne me prends pas Ton visage et ton amour des tilleuls Je me souviens de tes yeux<\/em><\/p>\n\n\n\n<p class=\"has-text-color has-link-color wp-elements-7 wp-block-paragraph\" style=\"color:#b0fa8c\">Ma-ia-hii, ma-ia-huu Ma-ia-hoo, ma-ia-haa Ma-ia-hii, ma-ia-huu Ma-ia-hoo, ma-ia-haa Ma-ia-hii, ma-ia-huu Ma-ia-hoo, ma-ia-haa Ma-ia-hii, ma-ia-huu Ma-ia-hoo, ma-ia-haa<\/p>\n\n\n\n<p class=\"wp-block-paragraph\"><em>Ma-ia-hii, ma-ia-huu Ma-ia-hoo, ma-ia-haa Ma-ia-hii, ma-ia-huu Ma-ia-hoo, ma-ia-haa Ma-ia-hii, ma-ia-huu Ma-ia-hoo, ma-ia-haa Ma-ia-hii, ma-ia-huu Ma-ia-hoo, ma-ia-haa<\/em><\/p>\n\n\n\n<p class=\"has-text-color has-link-color wp-elements-8 wp-block-paragraph\" style=\"color:#b0fa8c\">Vrei sa pleci dar nu ma nu ma iei Nu ma nu ma iei, nu ma nu ma nu ma iei Chipul tau si dragostea din tei Mi-amintesc de ochii tai Vrei sa pleci dar nu ma nu ma iei Nu ma nu ma iei, nu ma nu ma nu ma iei Chipul tau si dragostea din tei Mi-amintesc de ochii tai<\/p>\n\n\n\n<p class=\"wp-block-paragraph\"><em>Tu veux partir mais tu ne me prends pas Ne me prends pas, ne me prends pas, ne me prends pas Ton visage et ton amour des tilleuls Je me souviens de tes yeux Tu veux partir mais tu ne me prends pas Ne me prends pas, ne me prends pas, ne me prends pas Ton visage et ton amour des tilleuls Je me souviens de tes yeux<\/em><\/p>\n\n\n\n<p class=\"has-text-color has-link-color wp-elements-9 wp-block-paragraph\" style=\"color:#b0fa8c\">Source&nbsp;:&nbsp;<a href=\"https:\/\/lyrics.lyricfind.com\/\"><u>LyricFind<\/u><\/a><\/p>\n\n\n\n<p class=\"has-text-color has-link-color wp-elements-10 wp-block-paragraph\" style=\"color:#b0fa8c\">Paroliers&nbsp;: Dan Balan<\/p>\n","protected":false},"excerpt":{"rendered":"<p>29 Janvier 2026&#8230; 6 mois sont pass\u00e9s. Chaque jour j&rsquo;\u00e9coute les enregistrements que nous avions faits ensemble, les tape, les trie puis les retranscris sur le site . https:\/\/mercigracias.ch\/ Par moment les \u00e9motions m&#8217;emportent devant toutes les \u00e9preuves auxquelles elle a \u00e9t\u00e9 confront\u00e9e&#8230; Quelle tristesse, mais quelle force, elle \u00e9tait vraiment extraordinaire. Par moment je&hellip; <a class=\"more-link\" href=\"https:\/\/mercigracias.ch\/PourToutesTesGraces\/?p=467\">Poursuivre la lecture <span class=\"screen-reader-text\">Ma Ma mia<\/span><\/a><\/p>\n","protected":false},"author":1,"featured_media":0,"comment_status":"open","ping_status":"closed","sticky":false,"template":"","format":"standard","meta":{"_jetpack_memberships_contains_paid_content":false,"footnotes":""},"categories":[1],"tags":[],"class_list":["post-467","post","type-post","status-publish","format-standard","hentry","category-uncategorized","entry"],"jetpack_featured_media_url":"","jetpack_sharing_enabled":true,"_links":{"self":[{"href":"https:\/\/mercigracias.ch\/PourToutesTesGraces\/index.php?rest_route=\/wp\/v2\/posts\/467","targetHints":{"allow":["GET"]}}],"collection":[{"href":"https:\/\/mercigracias.ch\/PourToutesTesGraces\/index.php?rest_route=\/wp\/v2\/posts"}],"about":[{"href":"https:\/\/mercigracias.ch\/PourToutesTesGraces\/index.php?rest_route=\/wp\/v2\/types\/post"}],"author":[{"embeddable":true,"href":"https:\/\/mercigracias.ch\/PourToutesTesGraces\/index.php?rest_route=\/wp\/v2\/users\/1"}],"replies":[{"embeddable":true,"href":"https:\/\/mercigracias.ch\/PourToutesTesGraces\/index.php?rest_route=%2Fwp%2Fv2%2Fcomments&post=467"}],"version-history":[{"count":15,"href":"https:\/\/mercigracias.ch\/PourToutesTesGraces\/index.php?rest_route=\/wp\/v2\/posts\/467\/revisions"}],"predecessor-version":[{"id":617,"href":"https:\/\/mercigracias.ch\/PourToutesTesGraces\/index.php?rest_route=\/wp\/v2\/posts\/467\/revisions\/617"}],"wp:attachment":[{"href":"https:\/\/mercigracias.ch\/PourToutesTesGraces\/index.php?rest_route=%2Fwp%2Fv2%2Fmedia&parent=467"}],"wp:term":[{"taxonomy":"category","embeddable":true,"href":"https:\/\/mercigracias.ch\/PourToutesTesGraces\/index.php?rest_route=%2Fwp%2Fv2%2Fcategories&post=467"},{"taxonomy":"post_tag","embeddable":true,"href":"https:\/\/mercigracias.ch\/PourToutesTesGraces\/index.php?rest_route=%2Fwp%2Fv2%2Ftags&post=467"}],"curies":[{"name":"wp","href":"https:\/\/api.w.org\/{rel}","templated":true}]}}